{"id":912,"date":"2018-09-25T08:30:56","date_gmt":"2018-09-25T06:30:56","guid":{"rendered":"http:\/\/mizuwari.fr\/?p=912"},"modified":"2018-09-25T16:33:47","modified_gmt":"2018-09-25T14:33:47","slug":"l-mount-alliance-panasonic-leica-et-sigma-sassocient-pour-mettre-canon-nikon-et-sony-en-pls","status":"publish","type":"post","link":"https:\/\/mizuwari.fr\/index.php\/2018\/09\/25\/l-mount-alliance-panasonic-leica-et-sigma-sassocient-pour-mettre-canon-nikon-et-sony-en-pls\/","title":{"rendered":"[photokina 2018] \u00ab\u00a0L-Mount Alliance\u00a0\u00bb : Panasonic, Leica et Sigma s&rsquo;associent pour mettre Canon, Nikon et Sony en PLS"},"content":{"rendered":"<p><strong>Un titre tr\u00e8s long pour une alliance qui devrait faire beaucoup de bruit et de ravages parmi les \u00ab\u00a0Big Three\u00a0\u00bb : un \u00e9lectronicien expert de l&rsquo;hybride, une l\u00e9gende centenaire et un ma\u00eetre de l&rsquo;optique \u00e0 chaque fois meilleur ? Chaud devant !<\/strong><\/p>\n<p><!--more--><\/p>\n<p>&nbsp;<\/p>\n<p>C&rsquo;\u00e9tait un secret de Polichinelle depuis une semaine (ce qui demeure, du point de vue des <a href=\"https:\/\/www.43rumors.com\/ft5-a-new-force-is-building-up-leica-panasonic-and-sigma-are-on-board-together-on-the-full-frame-sl-mount-project\/\" target=\"_blank\" rel=\"noopener\">rumeurs<\/a>, tr\u00e8s court), mais l&rsquo;information est d\u00e9sormais confirm\u00e9e (enfin, <a href=\"https:\/\/www.mirrorlessrumors.com\/new-leica-panasonic-and-sigma-l-mount-alliance-press-release\/\" target=\"_blank\" rel=\"noopener\">le communiqu\u00e9 conjoint a d\u00e9j\u00e0 fuit\u00e9<\/a>, et comme il ne raconte rien et que je n&rsquo;ai rien sign\u00e9, je m&rsquo;autorise \u00e0 en parler) : aussi vrai que l&rsquo;union fait la Force, et que la Force est puissante dans la famille,\u00a0 Panasonic, Leica et Sigma s&rsquo;associent donc pour cr\u00e9er la \u00ab\u00a0L-Mount Alliance\u00a0\u00bb articul\u00e9e autour de la monture L qui \u00e9quipe d\u00e9j\u00e0 les hybrides T, TL et SL du constructeur allemand. Que vous d\u00e9cidiez de les comparer aux Trois Mousquetaires, au Rois Mages ou \u00e0 la Sainte Trinit\u00e9, il ne fait aucun doute que cette alliance vise \u00e0 cr\u00e9er un syst\u00e8me complet et intercompatible d&rsquo;hybrides et d&rsquo;optiques 24 x 36 mm. Tiens, \u00e7a rappellerait pas un peu le <a href=\"https:\/\/www.four-thirds.org\/en\/contact\/group.html\" target=\"_blank\" rel=\"noopener\">syst\u00e8me Micro 4\/3<\/a>, dont ces trois l\u00e0 font d\u00e9j\u00e0 partie ? Si pour le moment nous n&rsquo;en sommes qu&rsquo;aux d\u00e9clarations d&rsquo;intention, il est int\u00e9ressant de se demander ce que chacun des trois peut apporter au Schmilblick (\u00e7a se prononce \u00ab\u00a0<em>schmilblick<\/em>\u00ab\u00a0).<\/p>\n<p>&nbsp;<\/p>\n<p>&nbsp;<\/p>\n<h1>Panasonic, le petit prince des hybrides : \u00e9lectronique et vid\u00e9o de pointe<\/h1>\n<p>&nbsp;<\/p>\n<p>L&rsquo;adoption de la monture L par Panasonic est frapp\u00e9 du sceau de l&rsquo;\u00e9vidence. <a href=\"http:\/\/mizuwari.fr\/index.php\/2018\/09\/12\/un-hybride-24-x-36-mm-signe-panasonic-une-folle-rumeur-pas-si-folle\/\" target=\"_blank\" rel=\"noopener\">Quitte \u00e0 se lancer dans de l&rsquo;hybride 24 x 36 mm<\/a>, plut\u00f4t que de faire cavalier seul, autant s&rsquo;appuyer sur son partenaire de toujours : Leica. Apr\u00e8s tout, pourquoi r\u00e9inventer la roue, surtout quand on a d\u00e9j\u00e0 particip\u00e9 au d\u00e9veloppement du premier hybride 24 x 36 mm utilisant cette monture (le <a href=\"https:\/\/www.lesnumeriques.com\/appareil-photo-numerique\/leica-sl-typ-601-p29213\/test.html\" target=\"_blank\" rel=\"noopener\">Leica SL Typ 601<\/a>) ? Il n&rsquo;y a qu&rsquo;un seul point qui, potentiellement, pourra rendre chagrin ceux \u00e9quip\u00e9s en Micro 4\/3 (Panasonic, Olympus ou autre) : il sera impossible de monter ces optiques sur les bo\u00eetier 24 x 36 mm en monture L, car le tirage optique en est plus long (19,5 mm contre 20 mm, \u00e7a se joue \u00e0 peu)&#8230; \u00e0 moins de cr\u00e9er une sorte de bague rentrant \u00e0 l&rsquo;int\u00e9rieur de la monture de 0,5 mm, mais ce serait chelou. D&rsquo;un autre c\u00f4t\u00e9, pour n&rsquo;exploiter qu&rsquo;un quart de la surface du capteur 24 x 36 mm, cela aurait-il eu un int\u00e9r\u00eat ? (C&rsquo;est une question ouverte, je veux bien votre avis.)<\/p>\n<p>&nbsp;<\/p>\n<figure id=\"attachment_924\" aria-describedby=\"caption-attachment-924\" style=\"width: 900px\" class=\"wp-caption aligncenter\"><img loading=\"lazy\" class=\"size-full wp-image-924\" src=\"http:\/\/mizuwari.fr\/wp-content\/uploads\/2018\/09\/Digilux3_LumixL1.jpg\" alt=\"\" width=\"900\" height=\"360\" srcset=\"https:\/\/mizuwari.fr\/wp-content\/uploads\/2018\/09\/Digilux3_LumixL1.jpg 900w, https:\/\/mizuwari.fr\/wp-content\/uploads\/2018\/09\/Digilux3_LumixL1-300x120.jpg 300w, https:\/\/mizuwari.fr\/wp-content\/uploads\/2018\/09\/Digilux3_LumixL1-768x307.jpg 768w, https:\/\/mizuwari.fr\/wp-content\/uploads\/2018\/09\/Digilux3_LumixL1-640x256.jpg 640w, https:\/\/mizuwari.fr\/wp-content\/uploads\/2018\/09\/Digilux3_LumixL1-820x328.jpg 820w\" sizes=\"(max-width: 900px) 100vw, 900px\" \/><figcaption id=\"caption-attachment-924\" class=\"wp-caption-text\"><em>Il faut remonter \u00e0 2006 pour retrouver un APN \u00e0 objectif interchangeable ayant un tronc commun entre Leica et Panasonic (respectivement le DIgilux 3 et le Lumix DMC-L1). C&rsquo;\u00e9tait l&rsquo;\u00e9poque du syst\u00e8me Four Third&#8230; Esp\u00e9rons que la \u00ab\u00a0L-Mount Alliance\u00a0\u00bb dure plus longtemps !<\/em><\/figcaption><\/figure>\n<p>&nbsp;<\/p>\n<p>Avec d\u00e9j\u00e0 31 bo\u00eetier hybrides \u00e0 son actif sortis depuis dix ans, Panasonic est, de loin, celui qui a le plus d&rsquo;exp\u00e9rience en la mati\u00e8re. Que ce soit l&rsquo;autofocus (avec des rat\u00e9s, certes), la stabilisation optique, la stabilisation capteur, les \u00e9crans orientables et tactiles, l&rsquo;\u00e9lectronique, la conception et la fabrication de capteurs, la conception et la fabrication de batteries, Panasonic ma\u00eetrise tout du hardware. Et si le logiciel est encore perfectible en photo (mais il est probable que la collaboration entre Panasonic et Leica sur les profils colorim\u00e9triques soit renforc\u00e9, \u00e0 l&rsquo;image du profil \u00ab\u00a0L.Monochrom\u00a0\u00bb, ce qui ne peut pas faire de mal), leur savoir-faire en termes de vid\u00e9o est ind\u00e9niable et ne conna\u00eet, pour l&rsquo;heure, que Sony (et bient\u00f4t Fujifilm ?) en concurrents. Et en plus ils sont sympas et \u00e0 l&rsquo;\u00e9coute. (Tant de pros\u00e9lytisme, \u00e7a m\u00e9rite au moins 42 chocolatines.)<\/p>\n<p>Nonobstant, et je tiens encore une fois \u00e0 le souligner, la cr\u00e9ation d&rsquo;un nouveau syst\u00e8me 24 x 36 mm de la part de Panasonic n&rsquo;implique d&rsquo;aucune mani\u00e8re l&rsquo;arr\u00eat du d\u00e9veloppement du Micro 4\/3 ! Ce seront deux syst\u00e8mes compl\u00e9mentaires, pr\u00e9vus pour des pratiques l\u00e9g\u00e8rement diff\u00e9rentes, pour des budgets nettement diff\u00e9rents, et les avantages de l&rsquo;un seront les inconv\u00e9nients de l&rsquo;autre (et vice versa). Donc, il n&rsquo;y a pour l&rsquo;heure aucune raison de venir chouiner et crier \u00e0 la trahison : il n&rsquo;y en a pas. Et s&rsquo;il y a incompatibilit\u00e9 au niveau des optiques (incompatibilit\u00e9 ascendante et descendante), il faut quand-m\u00eame noter que, si vous \u00eates d\u00e9j\u00e0 \u00e9quip\u00e9s d&rsquo;enregistreurs externes, de gimbals, de follow focus, et de plein d&rsquo;autres accessoires vid\u00e9o, ceux-ci fonctionneront aussi bien sur un Lumix Micro 4\/3 que sur un Lumix 24 x 36 mm. (Apr\u00e8s, je peux monumentalement me planter, mais il y a peu de chances que la conf\u00e9rence Panasonic, qui aura lieu aujourd&rsquo;hui \u00e0 midi 30, me donne tort.)<\/p>\n<p>&nbsp;<\/p>\n<p>&nbsp;<\/p>\n<h1>Leica, l\u00e9gende vivante : le poids du nom, le choc des objos<\/h1>\n<p>&nbsp;<\/p>\n<p>Bon, c&rsquo;\u00e9tait juste une mani\u00e8re de faire un clin d&rsquo;\u0153il au Paris Match des grandes heures. Nonobstant, il faut se rappeler que, d&rsquo;un point de vue technique, Leica a \u00e9t\u00e9 le tout premier \u00e0 proposer un hybride \u00e0 24 x 36 mm : c&rsquo;\u00e9tait le <a href=\"https:\/\/www.focus-numerique.com\/hybride\/tests\/leica-m9-20.html\" target=\"_blank\" rel=\"noopener\">Leica M9<\/a>, annonc\u00e9 le 9\/09\/09. Il \u00e9tait alors dot\u00e9 d&rsquo;un capteur CCD Kodak de 18 Mpx. Et lorsque Leica pr\u00e9sentera son deuxi\u00e8me hybride 24 x 36 mm, <a href=\"https:\/\/www.focus-numerique.com\/hybride\/tests\/leica-m-752.html\" target=\"_blank\" rel=\"noopener\">le M (Typ 240)<\/a>\u00a0(capteur Leica\/CMOSIS\/STMicroelectronics), ce sera un an avant que <a href=\"https:\/\/www.lesnumeriques.com\/appareil-photo-numerique\/sony-a7-a7r-hybrides-24x36mm-democratiques-n31362.html\" target=\"_blank\" rel=\"noopener\">les Sony Alpha 7 n&rsquo;arrivent sur le march\u00e9<\/a>. Surtout, en ce qui concerne la L-mount Alliance, c&rsquo;est donc Leica qui a invent\u00e9 la monture L , laquelle a fait ses premiers pas un jeudi, le 24 avril 2014&#8230; dans un hybride APS-C, le <a href=\"https:\/\/www.lesnumeriques.com\/appareil-photo-numerique\/leica-t-type-701-p20420\/prise-en-main-leica-t-type-701-n34095.html\" target=\"_blank\" rel=\"noopener\">Leica T (Typ 701)<\/a>. Elle est depuis utilis\u00e9e sur le Leica TL2, le Leica SL (\u00e0 capteur 24 x 36 mm, donc) et le <a href=\"https:\/\/www.lesnumeriques.com\/appareil-photo-numerique\/leica-cl-p41999\/leica-cl-hybride-aps-c-expert-sauce-wetzlar-que-on-attendait-n68535.html\" target=\"_blank\" rel=\"noopener\">Leica CL<\/a> annonc\u00e9 au d\u00e9but de l&rsquo;ann\u00e9e. Ce qui implique deux choses.<\/p>\n<p>La premi\u00e8re est que, avant m\u00eame que les premiers bo\u00eetiers en monture L de Panasonic (et Sigma ?) ne pointent le bout de leurs capteurs, ils s&rsquo;int\u00e8greront dans un syst\u00e8me qui n&rsquo;est pas d\u00e9pourvu d&rsquo;objectifs. C&rsquo;est suffisamment rare pour \u00eatre soulign\u00e9. En monture L native, le catalogue Leica comporte d\u00e9j\u00e0 quatre focales fixes APS-C (Elmarit-TL 18 mm f\/2,8 ASPH., Summicron-TL 23 mm f\/2 ASPH., Summilux-TL 35 mm f\/1,4 ASPH. et\u00a0APO-Macro-Elmarit-TL 60 mm f \/ 2.8 ASPH.), trois zooms APS-C (Super-Vario-Elmar-TL 11-23 mm f\/3,5-4,5 ASPH., Vario-Elmar-TL 18-56 mm f\/3,5-5,6 ASPH. et APO-Vario-Elmar-TL 55-135 mm f\/3,5-4,5 ASPH.),\u00a0 deux focales fixes 24 x 36 mm d\u00e9j\u00e0 disponibles (Summilux-SL 50 mm f \/ 1.4 ASPH. et APO-Summicron-SL 75 mm f \/2 ASPH. ), deux focales fixes 24 x 36 mm pr\u00e9vues pour mi-2019 (APO-Summicron-SL 35 mm f\/2 ASPH. et APO-Summicron-SL 50 mm f\/2 ASPH.) et, enfin, trois zooms 24 x 36 mm d&rsquo;ores d\u00e9j\u00e0 disponibles (Super-Vario-Elmar-SL 16-35 mm f\/3,5-4,5 ASPH., Vario-Elmarit-SL 24-90 mm f\/2,8-4 ASPH et\u00a0APO-Vario-Elmarit-SL 90-280 mm f\/2,8-4). Soit un total de quatorze optiques. Pas mal pour un \u00ab\u00a0nouveau\u00a0\u00bb syst\u00e8me ! Alors, oui, c&rsquo;est le moment d&rsquo;\u00eatre un peu chagrin que l&rsquo;optique APS-C la moins ch\u00e8re co\u00fbte d\u00e9j\u00e0 1190 \u20ac (l&rsquo;Elmarit-TL 18 mm f\/2,8 ASPH.) et que vous n&rsquo;avez pas d&rsquo;optique 24 x 36 mm en-dessous de 4400 \u20ac (l&rsquo;APO-Summicron-SL 75 mm f\/2 ASPH.), mais j&rsquo;y reviendrai.<\/p>\n<p>&nbsp;<\/p>\n<figure id=\"attachment_923\" aria-describedby=\"caption-attachment-923\" style=\"width: 900px\" class=\"wp-caption aligncenter\"><img loading=\"lazy\" class=\"size-full wp-image-923\" src=\"http:\/\/mizuwari.fr\/wp-content\/uploads\/2018\/09\/LeicaSL_fixed_focal_lens.jpg\" alt=\"LeicaSL_fixed_focal_lenses\" width=\"900\" height=\"422\" srcset=\"https:\/\/mizuwari.fr\/wp-content\/uploads\/2018\/09\/LeicaSL_fixed_focal_lens.jpg 900w, https:\/\/mizuwari.fr\/wp-content\/uploads\/2018\/09\/LeicaSL_fixed_focal_lens-300x141.jpg 300w, https:\/\/mizuwari.fr\/wp-content\/uploads\/2018\/09\/LeicaSL_fixed_focal_lens-768x360.jpg 768w, https:\/\/mizuwari.fr\/wp-content\/uploads\/2018\/09\/LeicaSL_fixed_focal_lens-640x300.jpg 640w, https:\/\/mizuwari.fr\/wp-content\/uploads\/2018\/09\/LeicaSL_fixed_focal_lens-820x384.jpg 820w\" sizes=\"(max-width: 900px) 100vw, 900px\" \/><figcaption id=\"caption-attachment-923\" class=\"wp-caption-text\"><em>On ne pourra pas se plaindre qu&rsquo;il n&rsquo;y aura pas de focale fixe ! (Comment \u00e7a \u00ab\u00a0c&rsquo;est cher ?\u00a0\u00bb)<\/em><\/figcaption><\/figure>\n<p>&nbsp;<\/p>\n<p>La deuxi\u00e8me bonne nouvelle est que, puisque la monture a d\u00e9j\u00e0 quatre ans, les accessoiristes ont d\u00e9j\u00e0 eu le temps de se pencher sur la question des bagues d&rsquo;adaptation. Si Leica propose d\u00e9j\u00e0 ses propres bagues pour monter des objectifs M, R, S et Cinema sur un bo\u00eetier en monture L, <a href=\"https:\/\/fotodioxpro.com\/collections\/lens-mount-adapters\/leica-t\" target=\"_blank\" rel=\"noopener\">Fotodiox<\/a> propose, de son c\u00f4t\u00e9, une bague Leica M vers Leica L \u00e0 60 US$ ainsi qu&rsquo;une bague Nikon F\/G vers Leica L \u00e0 130 US $. C&rsquo;est <a href=\"https:\/\/novoflex.fr\/15-bagues#\/mon_appareil_photo-leica_t_sl\" target=\"_blank\" rel=\"noopener\">Novoflex<\/a> qui a le catalogue le plus fourni, puisqu&rsquo;il est d&rsquo;ores et d\u00e9j\u00e0 possible de monter les optiques en montures suivante sur les Leical SL\/TL\/CL : Nikon F, Canon EF, Canon FD, Arri PL, Pentax K, Sony\/Minolta A, Leica M, Leica R, Minolta MD\/MC, Olympus OM, Yashica\/Contax, M39 et M42. Avec cela, il y a de quoi faire ! Et ceux d\u00e9j\u00e0 \u00e9quip\u00e9s de telles optiques qui seraient int\u00e9ress\u00e9s par un Panasonic Lumix en monture L n&rsquo;auront pas besoin de s&rsquo;angoisser \u00e0 se demander si des adaptateurs vont ou non sortir.<\/p>\n<p>&nbsp;<\/p>\n<p><img loading=\"lazy\" class=\"aligncenter size-full wp-image-922\" src=\"http:\/\/mizuwari.fr\/wp-content\/uploads\/2018\/09\/LeicaSL_Adapters.jpg\" alt=\"\" width=\"900\" height=\"600\" srcset=\"https:\/\/mizuwari.fr\/wp-content\/uploads\/2018\/09\/LeicaSL_Adapters.jpg 900w, https:\/\/mizuwari.fr\/wp-content\/uploads\/2018\/09\/LeicaSL_Adapters-300x200.jpg 300w, https:\/\/mizuwari.fr\/wp-content\/uploads\/2018\/09\/LeicaSL_Adapters-768x512.jpg 768w, https:\/\/mizuwari.fr\/wp-content\/uploads\/2018\/09\/LeicaSL_Adapters-640x427.jpg 640w, https:\/\/mizuwari.fr\/wp-content\/uploads\/2018\/09\/LeicaSL_Adapters-600x400.jpg 600w, https:\/\/mizuwari.fr\/wp-content\/uploads\/2018\/09\/LeicaSL_Adapters-820x547.jpg 820w, https:\/\/mizuwari.fr\/wp-content\/uploads\/2018\/09\/LeicaSL_Adapters-272x182.jpg 272w\" sizes=\"(max-width: 900px) 100vw, 900px\" \/><\/p>\n<p>&nbsp;<\/p>\n<p>La troisi\u00e8me bonne nouvelle, que je souhaite tr\u00e8s fort, est que, puisque ce coup-ci Leica et Panasonic vont travailler main dans la main \u00e0 un syst\u00e8me commun, les Japonais vont enfin vraiment s&rsquo;inspirer de l&rsquo;ergonomie des Allemands, autrement plus fluide, simple et moins alambiqu\u00e9e. Mais bon, malgr\u00e9 toute sa bonne volont\u00e9, Panasonic \u00e9tant ce qu&rsquo;il est, je n&rsquo;en mettrais pas ma main \u00e0 couper. Par contre, cela signifie aussi que, dans l&rsquo;autre sens, Leica va pouvoir r\u00e9cup\u00e9rer le savoir-faire vid\u00e9o de Panasonic et proposer, pour le successeur du SL, de la vid\u00e9o en 4K 60p. Et \u00e7a, c&rsquo;est putain de cool.<\/p>\n<p>&nbsp;<\/p>\n<p>&nbsp;<\/p>\n<h1>Sigma l&rsquo;outsider qui n&rsquo;en est pas un : des optiques, plein d&rsquo;optiques&#8230; et du Foveon 24 x 36 mm ?<\/h1>\n<p>&nbsp;<\/p>\n<p>Si la collaboration Panasonic-Leica tombait sous le sens, j&rsquo;aurais d\u00fb \u00eatre capable de pronostiquer la pr\u00e9sence de Sigma dans l&rsquo;aventure. <a href=\"http:\/\/mizuwari.fr\/index.php\/2018\/02\/28\/entretien-avec-kazuto-yamaki-le-pdg-le-plus-classe-du-monde-1-3\/\" target=\"_blank\" rel=\"noopener\">Lorsque j&rsquo;avais rencontr\u00e9 Kazuto Yamaki, PDG de Sigma, au d\u00e9but de l&rsquo;ann\u00e9e<\/a>, il m&rsquo;avait confi\u00e9 venir directement de Francfort, o\u00f9 il avait un meeting avec Stefan Daniel. Or, Stefan Daniel est directeur du d\u00e9veloppement des produits photographiques de Leica. Ces deux personnes ont beau m&rsquo;\u00eatre hautement sympathique, j&rsquo;aurais d\u00fb me douter que Yamaki San n&rsquo;avait pas travers\u00e9 la moiti\u00e9 de la plan\u00e8te juste pour discuter macram\u00e9.<\/p>\n<p>Si vous voulez mon avis (mais a priori, vous \u00eates l\u00e0 pour cela), c&rsquo;est bien la pr\u00e9sence de Sigma qui rend cette alliance si int\u00e9ressante. Je ne vous ferai pas l&rsquo;offense de r\u00e9capituler l&rsquo;historique r\u00e9cent des optiques Art\/Sport\/Contemporary qui d\u00e9chirent\/d\u00e9bo\u00eetent\/font un carton\/tabac\/les mots me manquent : Sigma n&rsquo;a plus besoin de prouver \u00e0 personne que leur came, c&rsquo;est de la bonne, au moins du niveau de Leica et Carl Zeiss. Et, la bonne nouvelle, c&rsquo;est que pour la monture L, Sigma peut se \u00ab\u00a0contenter\u00a0\u00bb d&rsquo;appliquer la m\u00eame recette que pour les optiques FE qu&rsquo;il est en train de d\u00e9ployer : adapter des formules optiques d\u00e9j\u00e0 existantes en monture L native. Premier point. Deuxi\u00e8me point : puisque je vous parle beaucoup de vid\u00e9o (et je ne serai pas le seul), les utilisateurs du syst\u00e8me L vont \u00e9galement disposer des optiques cin\u00e9ma de Sigma, nettement moins on\u00e9reuses que celles de Leica. D&rsquo;o\u00f9 le troisi\u00e8me point, et non des moindres : les utilisateurs de Leica SL vont pouvoir go\u00fbter aux joies des optiques Sigma Art\/Sport\/Contemporary pour une fraction des optiques Leica. Et \u00e7a, c&rsquo;est pas rien (puis, \u00e7a nous change du discours des \u00ab\u00a0<em>ouais mais si Pana utilise la monture L, va falloir acheter des optiques Leica qui co\u00fbtent une blinde !<\/em>\u00a0\u00bb que j&rsquo;entends et lis depuis une semaine). Quatri\u00e8me point optique : chaque opticien ayant <del>ses lubies<\/del> sa philosophie, cela signifie \u00e9galement qu&rsquo;il sera possible de piocher entre le \u00ab\u00a0rendu Leica\u00a0\u00bb, le \u00ab\u00a0rendu Pana\u00a0\u00bb et le \u00ab\u00a0rendu Sigma\u00a0\u00bb (que de a, que de a)&#8230; moyennant compatibilit\u00e9 financi\u00e8re, bien s\u00fbr.<\/p>\n<p>Pour Sigma, ce coup-ci c\u00f4t\u00e9 bo\u00eetier, l&rsquo;adoption de la monture L est une excellente opportunit\u00e9 pour sortir de nouveaux hybrides, cette fois-ci dans une monture un peu moins confidentielle que la monture Sigma SA, en gardant \u00e0 l&rsquo;esprit que cette derni\u00e8re, avec son tirage de 44 mm, permet la cr\u00e9ation d&rsquo;un adapteur SA vers L (entre autres adaptateurs). Ce qui veut dire que ceux ayant investi dans des bo\u00eetier Sigma pourront continuer \u00e0 utiliser les optiques correspondantes. Ce qui veut aussi dire qu&rsquo;il est tout \u00e0 fait probable qu&rsquo;un bo\u00eetier Foveon Quattro \u00e0 capteur 24 x 36 mm voit le jour. Quand on veut ce qu&rsquo;il est d\u00e9j\u00e0 possible de sortir avec des capteurs Foveon Quattro APS-C et APS-H, je m&rsquo;en l\u00e8che les babines et la r\u00e9tine d&rsquo;avance ! Et \u00e0 nous le monde merveilleux des photos de 120 Mpx et des fichiers de 200 Mo&#8230;<\/p>\n<figure id=\"attachment_931\" aria-describedby=\"caption-attachment-931\" style=\"width: 900px\" class=\"wp-caption aligncenter\"><img loading=\"lazy\" class=\"size-full wp-image-931\" src=\"http:\/\/mizuwari.fr\/wp-content\/uploads\/2018\/09\/Sigma_sdQuattro_L.jpg\" alt=\"\" width=\"900\" height=\"600\" srcset=\"https:\/\/mizuwari.fr\/wp-content\/uploads\/2018\/09\/Sigma_sdQuattro_L.jpg 900w, https:\/\/mizuwari.fr\/wp-content\/uploads\/2018\/09\/Sigma_sdQuattro_L-300x200.jpg 300w, https:\/\/mizuwari.fr\/wp-content\/uploads\/2018\/09\/Sigma_sdQuattro_L-768x512.jpg 768w, https:\/\/mizuwari.fr\/wp-content\/uploads\/2018\/09\/Sigma_sdQuattro_L-640x427.jpg 640w, https:\/\/mizuwari.fr\/wp-content\/uploads\/2018\/09\/Sigma_sdQuattro_L-600x400.jpg 600w, https:\/\/mizuwari.fr\/wp-content\/uploads\/2018\/09\/Sigma_sdQuattro_L-820x547.jpg 820w, https:\/\/mizuwari.fr\/wp-content\/uploads\/2018\/09\/Sigma_sdQuattro_L-272x182.jpg 272w\" sizes=\"(max-width: 900px) 100vw, 900px\" \/><figcaption id=\"caption-attachment-931\" class=\"wp-caption-text\"><em>Avouez, un Sigma sd Quattro en monture L et capteur Foveon Quattro 24 x 36 mm, ce serait cool, non ?<\/em><\/figcaption><\/figure>\n<p>&nbsp;<\/p>\n<p>&nbsp;<\/p>\n<h1>\u00c0 trois, c&rsquo;est bien, \u00e0 plus, c&rsquo;est mieux : qui d&rsquo;autre pour se joindre \u00e0 la \u00ab\u00a0L-Mount Alliance\u00a0\u00bb ?<\/h1>\n<p>&nbsp;<\/p>\n<p><strong>Olympus<\/strong>, bien s\u00fbr, est le premier nom qui vient \u00e0 l&rsquo;esprit. D&rsquo;abord parce qu&rsquo;il est le co-inventeur du syst\u00e8me Micro 4\/3, ensuite parce que si Olympus se lan\u00e7ait dans le 24 x 36 mm ils n&rsquo;auraient aucun int\u00e9r\u00eat \u00e0 se la jouer solo, mais surtout parce que nous avons pu voir fleurir, ces derni\u00e8res ann\u00e9es, plusieurs brevets Olympus pour des optiques (Zuiko ?) couvrant le 24 x 36 mm : un 17 mm f\/1,4, un 20 mm f\/1,4, un 24 mm f\/1,4, un 28 mm f\/1,4, un 28 mm f\/2, un 35 mm f\/1,4 et enfin un 50 mm f\/1,4. Ce qui fait du joli monde ! Bien s\u00fbr, entre les brevets et la concr\u00e9tisation industrielle, il y a toujours un pas pas <del>(pingouin)<\/del> toujours franchi. Mais si Olympus ne les sort pas en nom propre, pourquoi ne les signeraient-ils par pour Panasonic ?<\/p>\n<p>&nbsp;<\/p>\n<figure id=\"attachment_920\" aria-describedby=\"caption-attachment-920\" style=\"width: 900px\" class=\"wp-caption aligncenter\"><img loading=\"lazy\" class=\"size-full wp-image-920\" src=\"http:\/\/mizuwari.fr\/wp-content\/uploads\/2018\/09\/DJI_DL_Mount.jpg\" alt=\"\" width=\"900\" height=\"600\" srcset=\"https:\/\/mizuwari.fr\/wp-content\/uploads\/2018\/09\/DJI_DL_Mount.jpg 900w, https:\/\/mizuwari.fr\/wp-content\/uploads\/2018\/09\/DJI_DL_Mount-300x200.jpg 300w, https:\/\/mizuwari.fr\/wp-content\/uploads\/2018\/09\/DJI_DL_Mount-768x512.jpg 768w, https:\/\/mizuwari.fr\/wp-content\/uploads\/2018\/09\/DJI_DL_Mount-640x427.jpg 640w, https:\/\/mizuwari.fr\/wp-content\/uploads\/2018\/09\/DJI_DL_Mount-600x400.jpg 600w, https:\/\/mizuwari.fr\/wp-content\/uploads\/2018\/09\/DJI_DL_Mount-820x547.jpg 820w, https:\/\/mizuwari.fr\/wp-content\/uploads\/2018\/09\/DJI_DL_Mount-272x182.jpg 272w\" sizes=\"(max-width: 900px) 100vw, 900px\" \/><figcaption id=\"caption-attachment-920\" class=\"wp-caption-text\"><em>58 mm de diam\u00e8tre&#8230; tiens, c&rsquo;est plus que les montures L et Z.<\/em><\/figcaption><\/figure>\n<p>&nbsp;<\/p>\n<p>Parmi les autres membres du syst\u00e8me Micro 4\/3, nous trouvons \u00e9galement Fujifilm (que je vois moins venir, ou, en sous-marin, via ses capteurs organiques d\u00e9velopp\u00e9s avec Panasonic), Tamron, Cosina et Carl Zeiss (qui y viendront plus que probablement si le L prend son envol), Yi Technology (pour le coup, j&rsquo;y crois pas du tout). Par contre, en constructeur chinois, <strong>DJI<\/strong> me semble un excellent candidat. Oui, tout \u00e0 fait, DJI. Et plus pr\u00e9cis\u00e9ment, la marque photographique qu&rsquo;il poss\u00e8de : <strong>Hasselblad<\/strong>. Vu comme le nom d&rsquo;Hasselblad a \u00e9t\u00e9 mis en avant lors du l<a href=\"https:\/\/www.hasselblad.com\/fr-fr\/collaborations\/dji-mavic-2-pro\/\" target=\"_blank\" rel=\"noopener\">ancement du drone Mavic Pro2<\/a>, il ne me para\u00eet pas si saugrenu que DJI, via sa filiale su\u00e9doise, se joigne \u00e0 la f\u00eate. En plus, DJI sait d\u00e9j\u00e0 faire des drones \u00e0 objectif interchangeable : le <a href=\"https:\/\/www.dji.com\/fr\/zenmuse-x7?site=brandsite&amp;from=homepage\" target=\"_blank\" rel=\"noopener\">Zenmuse X7<\/a> dispose de ses propres optiques en monture DL et les rumeurs parlent d&rsquo;un <a href=\"https:\/\/www.helicomicro.com\/2018\/04\/28\/rumeur-est-ce-le-futur-phantom-5\/\" target=\"_blank\" rel=\"noopener\">Phantom 5<\/a> qui aurait droit au m\u00eame traitement. Franchement, \u00e7a aurait de la gueule un Hasselblad hybride 24 x 36 mm, avec stabilisation DJI, capteur Sigma Foveon et optique Leica ! Et ce serait <a href=\"http:\/\/mizuwari.fr\/index.php\/2018\/03\/07\/entretien-kazuto-yamaki-sigma-opticien-capteurs\/\" target=\"_blank\" rel=\"noopener\">Kazuto Yamaki qui serait content<\/a>, lui qui d\u00e9clarait que \u00ab\u00a0<em>si [Sigma] faisait des capteurs plus grands, [il] adorerai[t] voir des Hasselblad \u00e0 capteur Foveon.<\/em>\u00a0\u00bb<\/p>\n<p>Et puis, moi, de mon c\u00f4t\u00e9, si Olympus et DJI\/Hasselblad se joignaient \u00e0 la f\u00eate, je pourrais rebaptiser la \u00ab\u00a0L-Mount Alliance\u00a0\u00bb en L5. Ce qui me donnerait un bon pr\u00e9texte pour chanter que \u00ab\u00a0<em>si on reconsid\u00e8re les choses [&#8230;] \u00e9coute ce que je te propose [&#8230;] l&rsquo;amour a tellement de visages, \u00e0 toi d&rsquo;ouvrir les yeux, est-ce que tu envisages [&#8230;]<\/em>\u00a0\u00bb toutes les marques photo de ma vie, en L r\u00e9unies&#8230; (Ou pas, hein.)<\/p>\n<p>&nbsp;<\/p>\n<p><iframe loading=\"lazy\" width=\"1160\" height=\"870\" src=\"https:\/\/www.youtube.com\/embed\/FAK-1LYZtb4?feature=oembed\" frameborder=\"0\" allow=\"autoplay; encrypted-media\" allowfullscreen><\/iframe><\/p>\n<p>&nbsp;<\/p>\n<p>&nbsp;<\/p>\n<p>&nbsp;<\/p>\n<p>&nbsp;<\/p>\n<p>&nbsp;<\/p>\n<p>&nbsp;<\/p>\n","protected":false},"excerpt":{"rendered":"<p>Un titre tr\u00e8s long pour une alliance qui devrait faire beaucoup de bruit et de ravages parmi les \u00ab\u00a0Big Three\u00a0\u00bb : un \u00e9lectronicien expert de l&rsquo;hybride, une l\u00e9gende centenaire et un ma\u00eetre de l&rsquo;optique \u00e0 chaque fois meilleur ? Chaud devant !<\/p>\n","protected":false},"author":1,"featured_media":929,"comment_status":"open","ping_status":"open","sticky":false,"template":"","format":"standard","meta":[],"categories":[5,13,6],"tags":[103,11,133,81,134,52,56],"yoast_head":"<!-- This site is optimized with the Yoast SEO plugin v16.1.1 - https:\/\/yoast.com\/wordpress\/plugins\/seo\/ -->\n<title>[photokina 2018] &quot;L-Mount Alliance&quot; : Panasonic, Leica et Sigma s&#039;associent pour mettre Canon, Nikon et Sony en PLS - Mizuwari<\/title>\n<link rel=\"canonical\" href=\"https:\/\/mizuwari.fr\/index.php\/2018\/09\/25\/l-mount-alliance-panasonic-leica-et-sigma-sassocient-pour-mettre-canon-nikon-et-sony-en-pls\/\" \/>\n<meta property=\"og:locale\" content=\"fr_FR\" \/>\n<meta property=\"og:type\" content=\"article\" \/>\n<meta property=\"og:title\" content=\"[photokina 2018] &quot;L-Mount Alliance&quot; : Panasonic, Leica et Sigma s&#039;associent pour mettre Canon, Nikon et Sony en PLS - Mizuwari\" \/>\n<meta property=\"og:description\" content=\"Un titre tr\u00e8s long pour une alliance qui devrait faire beaucoup de bruit et de ravages parmi les \u00ab\u00a0Big Three\u00a0\u00bb : un \u00e9lectronicien expert de l&rsquo;hybride, une l\u00e9gende centenaire et un ma\u00eetre de l&rsquo;optique \u00e0 chaque fois meilleur ? Chaud devant !\" \/>\n<meta property=\"og:url\" content=\"https:\/\/mizuwari.fr\/index.php\/2018\/09\/25\/l-mount-alliance-panasonic-leica-et-sigma-sassocient-pour-mettre-canon-nikon-et-sony-en-pls\/\" \/>\n<meta property=\"og:site_name\" content=\"Mizuwari\" \/>\n<meta property=\"article:publisher\" content=\"https:\/\/www.facebook.com\/MizuwariPhoto\/\" \/>\n<meta property=\"article:published_time\" content=\"2018-09-25T06:30:56+00:00\" \/>\n<meta property=\"article:modified_time\" content=\"2018-09-25T14:33:47+00:00\" \/>\n<meta property=\"og:image\" content=\"https:\/\/mizuwari.fr\/wp-content\/uploads\/2018\/09\/LMount_Alliance-1.jpg\" \/>\n\t<meta property=\"og:image:width\" content=\"900\" \/>\n\t<meta property=\"og:image:height\" content=\"600\" \/>\n<meta name=\"twitter:card\" content=\"summary_large_image\" \/>\n<meta name=\"twitter:creator\" content=\"@Mizuwari_Photo\" \/>\n<meta name=\"twitter:site\" content=\"@Mizuwari_Photo\" \/>\n<meta name=\"twitter:label1\" content=\"Dur\u00e9e de lecture est.\">\n\t<meta name=\"twitter:data1\" content=\"13 minutes\">\n<script type=\"application\/ld+json\" class=\"yoast-schema-graph\">{\"@context\":\"https:\/\/schema.org\",\"@graph\":[{\"@type\":\"WebSite\",\"@id\":\"https:\/\/mizuwari.fr\/#website\",\"url\":\"https:\/\/mizuwari.fr\/\",\"name\":\"Mizuwari\",\"description\":\"La photo, c&#039;est bon. Mangez-en.\",\"potentialAction\":[{\"@type\":\"SearchAction\",\"target\":\"https:\/\/mizuwari.fr\/?s={search_term_string}\",\"query-input\":\"required name=search_term_string\"}],\"inLanguage\":\"fr-FR\"},{\"@type\":\"ImageObject\",\"@id\":\"https:\/\/mizuwari.fr\/index.php\/2018\/09\/25\/l-mount-alliance-panasonic-leica-et-sigma-sassocient-pour-mettre-canon-nikon-et-sony-en-pls\/#primaryimage\",\"inLanguage\":\"fr-FR\",\"url\":\"https:\/\/mizuwari.fr\/wp-content\/uploads\/2018\/09\/LMount_Alliance-1.jpg\",\"contentUrl\":\"https:\/\/mizuwari.fr\/wp-content\/uploads\/2018\/09\/LMount_Alliance-1.jpg\",\"width\":900,\"height\":600,\"caption\":\"L Mount Alliance\"},{\"@type\":\"WebPage\",\"@id\":\"https:\/\/mizuwari.fr\/index.php\/2018\/09\/25\/l-mount-alliance-panasonic-leica-et-sigma-sassocient-pour-mettre-canon-nikon-et-sony-en-pls\/#webpage\",\"url\":\"https:\/\/mizuwari.fr\/index.php\/2018\/09\/25\/l-mount-alliance-panasonic-leica-et-sigma-sassocient-pour-mettre-canon-nikon-et-sony-en-pls\/\",\"name\":\"[photokina 2018] \\\"L-Mount Alliance\\\" : Panasonic, Leica et Sigma s'associent pour mettre Canon, Nikon et Sony en PLS - Mizuwari\",\"isPartOf\":{\"@id\":\"https:\/\/mizuwari.fr\/#website\"},\"primaryImageOfPage\":{\"@id\":\"https:\/\/mizuwari.fr\/index.php\/2018\/09\/25\/l-mount-alliance-panasonic-leica-et-sigma-sassocient-pour-mettre-canon-nikon-et-sony-en-pls\/#primaryimage\"},\"datePublished\":\"2018-09-25T06:30:56+00:00\",\"dateModified\":\"2018-09-25T14:33:47+00:00\",\"author\":{\"@id\":\"https:\/\/mizuwari.fr\/#\/schema\/person\/16207f6a3302b6d22e68a99342580708\"},\"breadcrumb\":{\"@id\":\"https:\/\/mizuwari.fr\/index.php\/2018\/09\/25\/l-mount-alliance-panasonic-leica-et-sigma-sassocient-pour-mettre-canon-nikon-et-sony-en-pls\/#breadcrumb\"},\"inLanguage\":\"fr-FR\",\"potentialAction\":[{\"@type\":\"ReadAction\",\"target\":[\"https:\/\/mizuwari.fr\/index.php\/2018\/09\/25\/l-mount-alliance-panasonic-leica-et-sigma-sassocient-pour-mettre-canon-nikon-et-sony-en-pls\/\"]}]},{\"@type\":\"BreadcrumbList\",\"@id\":\"https:\/\/mizuwari.fr\/index.php\/2018\/09\/25\/l-mount-alliance-panasonic-leica-et-sigma-sassocient-pour-mettre-canon-nikon-et-sony-en-pls\/#breadcrumb\",\"itemListElement\":[{\"@type\":\"ListItem\",\"position\":1,\"item\":{\"@type\":\"WebPage\",\"@id\":\"https:\/\/mizuwari.fr\/\",\"url\":\"https:\/\/mizuwari.fr\/\",\"name\":\"Accueil\"}},{\"@type\":\"ListItem\",\"position\":2,\"item\":{\"@type\":\"WebPage\",\"@id\":\"https:\/\/mizuwari.fr\/index.php\/2018\/09\/25\/l-mount-alliance-panasonic-leica-et-sigma-sassocient-pour-mettre-canon-nikon-et-sony-en-pls\/\",\"url\":\"https:\/\/mizuwari.fr\/index.php\/2018\/09\/25\/l-mount-alliance-panasonic-leica-et-sigma-sassocient-pour-mettre-canon-nikon-et-sony-en-pls\/\",\"name\":\"[photokina 2018] \\u00ab\\u00a0L-Mount Alliance\\u00a0\\u00bb : Panasonic, Leica et Sigma s&rsquo;associent pour mettre Canon, Nikon et Sony en PLS\"}}]},{\"@type\":\"Person\",\"@id\":\"https:\/\/mizuwari.fr\/#\/schema\/person\/16207f6a3302b6d22e68a99342580708\",\"name\":\"Bruno Labarb\\u00e8re\",\"image\":{\"@type\":\"ImageObject\",\"@id\":\"https:\/\/mizuwari.fr\/#personlogo\",\"inLanguage\":\"fr-FR\",\"url\":\"https:\/\/secure.gravatar.com\/avatar\/39017b21e4cf6c319d7cc30e7e8cc2bc?s=96&d=blank&r=g\",\"contentUrl\":\"https:\/\/secure.gravatar.com\/avatar\/39017b21e4cf6c319d7cc30e7e8cc2bc?s=96&d=blank&r=g\",\"caption\":\"Bruno Labarb\\u00e8re\"},\"sameAs\":[\"http:\/\/www.mizuwari.fr\"]}]}<\/script>\n<!-- \/ Yoast SEO plugin. -->","_links":{"self":[{"href":"https:\/\/mizuwari.fr\/index.php\/wp-json\/wp\/v2\/posts\/912"}],"collection":[{"href":"https:\/\/mizuwari.fr\/index.php\/wp-json\/wp\/v2\/posts"}],"about":[{"href":"https:\/\/mizuwari.fr\/index.php\/wp-json\/wp\/v2\/types\/post"}],"author":[{"embeddable":true,"href":"https:\/\/mizuwari.fr\/index.php\/wp-json\/wp\/v2\/users\/1"}],"replies":[{"embeddable":true,"href":"https:\/\/mizuwari.fr\/index.php\/wp-json\/wp\/v2\/comments?post=912"}],"version-history":[{"count":17,"href":"https:\/\/mizuwari.fr\/index.php\/wp-json\/wp\/v2\/posts\/912\/revisions"}],"predecessor-version":[{"id":977,"href":"https:\/\/mizuwari.fr\/index.php\/wp-json\/wp\/v2\/posts\/912\/revisions\/977"}],"wp:featuredmedia":[{"embeddable":true,"href":"https:\/\/mizuwari.fr\/index.php\/wp-json\/wp\/v2\/media\/929"}],"wp:attachment":[{"href":"https:\/\/mizuwari.fr\/index.php\/wp-json\/wp\/v2\/media?parent=912"}],"wp:term":[{"taxonomy":"category","embeddable":true,"href":"https:\/\/mizuwari.fr\/index.php\/wp-json\/wp\/v2\/categories?post=912"},{"taxonomy":"post_tag","embeddable":true,"href":"https:\/\/mizuwari.fr\/index.php\/wp-json\/wp\/v2\/tags?post=912"}],"curies":[{"name":"wp","href":"https:\/\/api.w.org\/{rel}","templated":true}]}}