{"id":323,"date":"2018-01-09T10:00:00","date_gmt":"2018-01-09T09:00:00","guid":{"rendered":"http:\/\/mizuwari.fr\/?p=323"},"modified":"2018-01-09T11:59:09","modified_gmt":"2018-01-09T10:59:09","slug":"5-ans-a-la-photo-chez-les-numeriques-5-ans-de-tops-episode-1-2","status":"publish","type":"post","link":"https:\/\/mizuwari.fr\/index.php\/2018\/01\/09\/5-ans-a-la-photo-chez-les-numeriques-5-ans-de-tops-episode-1-2\/","title":{"rendered":"5 ans \u00e0 la photo chez Les Num\u00e9riques : 5 ans de tops&#8230; [Episode 1\/2]"},"content":{"rendered":"<p><strong>La semaine derni\u00e8re \u2013 le 3 janvier pr\u00e9cis\u00e9ment \u2013 j&rsquo;ai f\u00eat\u00e9 mes cinq ans chez <em>Les Num\u00e9riques<\/em> \u00e0 la rubrique photo. Un bon pr\u00e9texte pour partager mes 5 tops et 5 flops photo de cette demi-d\u00e9cennie. Aujourd&rsquo;hui, je commence avec les tops.<\/strong><\/p>\n<p><!--more--><\/p>\n<p>&nbsp;<\/p>\n<p>&nbsp;<\/p>\n<h1><strong>TOP NUMBER ONE :<\/strong><br \/>\nPanasonic, pour l&rsquo;ensemble de son \u0153uvre<\/h1>\n<p>Je dois vous confesser que je cultive une affection toute particuli\u00e8re pour Panasonic. D&rsquo;abord parce qu&rsquo;\u00e0 titre personnel mon tout premier appareil photo (achet\u00e9 il y a dix ans) a \u00e9t\u00e9 un <a href=\"https:\/\/www.lesnumeriques.com\/appareil-photo-numerique\/panasonic-lumix-dmc-fz18-p2316\/test.html\">Lumix FZ18.<\/a>\u00a0Un bridge qui, \u00e0 l&rsquo;\u00e9poque, brillait par son aptitude \u00e0 photographier en RAW et surtout son zoom\u00a028-504 mm f\/2,8-4,2. Sans lui, je ne me serais pas forc\u00e9ment pris au jeu de la photographie, ne me serais pas forc\u00e9ment int\u00e9ress\u00e9 \u00e0 Leica, son histoire et, de fil en aiguille, ne serais probablement pas devenu journaliste high-tech. Comme quoi, parfois, la vie ne tient qu&rsquo;\u00e0 une nuit blanche et du whisky coca de mauvaise qualit\u00e9. Depuis, j&rsquo;ai arr\u00eat\u00e9 le whisky coca. Pas les nuits blanches.<\/p>\n<p>Ensuite, de mani\u00e8re beaucoup plus professionnelle, mon premier contact avec Panasonic chez <em>Les Num\u00e9riques<\/em> a \u00e9t\u00e9 un choc. Nous \u00e9tions le 5 janviers 2013. Je venais de publier le test du <a href=\"https:\/\/www.lesnumeriques.com\/appareil-photo-numerique\/panasonic-dmc-tz35-p15400\/test.html\">Lumix TZ35,\u00a0<\/a>l&rsquo;un de mes tous premiers tests sur le site. Trois \u00e9toiles, parce qu&rsquo;\u00e0 l&rsquo;\u00e9poque j&rsquo;\u00e9tais dur&#8230; et qu&rsquo;il ne m\u00e9ritait de toutes mani\u00e8res pas plus. 11 heures : l&rsquo;article \u00e9tait en ligne depuis \u00e0 peine deux heures que Vincent, mon patron, sort de son bureau pour me demander si je faisais quelque chose le lendemain :<\/p>\n<blockquote><p>\u00ab\u00a0Euh, non. Enfin, si. Je viens au bureau.<br \/>\n\u2013 Ah, tu es donc libre pour un rendez-vous.<br \/>\n\u2013 Euh&#8230; oui. Pourquoi ?<br \/>\n\u2013 C&rsquo;est au sujet de ton test. Je viens d&rsquo;avoir le patron de Panasonic au t\u00e9l\u00e9phone&#8230;<br \/>\n\u2013 &#8230; euh&#8230; et ?<br \/>\n\u2013 Et il n&rsquo;est pas content.<br \/>\n\u2013 Ah.<br \/>\n\u2013 Du coup, demain, ils t&rsquo;envoient un ing\u00e9nieur du Japon pour discuter du test avec toi.<br \/>\n\u2013 Euh, c&rsquo;est \u00e0 dire ?<br \/>\n\u2013 Oh, tu verras.\u00a0\u00bb<\/p><\/blockquote>\n<p>Et Vincent, hilare, de retourner dans son bureau. De mon c\u00f4t\u00e9, ce serait peu dire que je n&rsquo;en menais pas large. Cela faisait \u00e0 peine un mois que j&rsquo;\u00e9tais chez <em>Les Num\u00e9riques<\/em> et l&rsquo;incident diplomatique frappait \u00e0 la porte de ma jeune carri\u00e8re. Je m&rsquo;imaginai alors d\u00e9barquer le lendemain un japonais aussi courtois que sournois, fa\u00e7on image d&rsquo;Epinal remix ninja sauce samoura\u00ef \u2013 oui, je sais que de 1) c&rsquo;est vaguement raciste comme pens\u00e9e et que de 2) ninja et samoura\u00ef, c&rsquo;est pas sp\u00e9cialement compatible \u2013. Un ing\u00e9nieur japonais, katana entre les dents, pr\u00eat \u00e0 me d\u00e9biter en petits morceaux fa\u00e7on saucisse s\u00e8che d&rsquo;Aveyron. Ou alors Vincent me faisait une blague, et c&rsquo;\u00e9tait un bizutage. Oui, ce devait \u00eatre un bizutage.<\/p>\n<p>Le lendemain, \u00e0 10 heures p\u00e9tante, j&rsquo;arrive au bureau. Mes coll\u00e8gues m&rsquo;expliquent qu&rsquo;une d\u00e9l\u00e9gation de Panasonic m&rsquo;attend dans la salle de r\u00e9union. Ah. Ce n&rsquo;\u00e9tait donc pas une blague. \u00ab\u00a0Merde. Je vais me faire virer. J&rsquo;ai m\u00eame pas fini ma p\u00e9riode d&rsquo;essais !\u00a0\u00bb Autour de la table m&rsquo;attendent donc deux repr\u00e9sentants de Panasonic France (Sophie, si tu passes par l\u00e0, sache que tu m&rsquo;as fait flipper la premi\u00e8re fois que je t&rsquo;ai vue), un ing\u00e9nieur de Panasonic Japon (dont j&rsquo;ai oubli\u00e9 le nom) et un autre ing\u00e9nieur qui m&rsquo;a imm\u00e9diatement fait penser \u00e0 ce grand-p\u00e8re toujours souriant mais un peu dans la lune que nous avons tous dans nos familles. Cet ing\u00e9nieur, c&rsquo;\u00e9tait\u00a0<a href=\"https:\/\/www.focus-numerique.com\/actus\/dossiers\/interview-exclusive-de-uematsu-michiharu-pour-le-panasonic-gh2-43.html\">Uematsu Michiharu<\/a><em>. <\/em>Et si \u00e0 l&rsquo;\u00e9poque j&rsquo;ignorais encore qui \u00e9tait Uematsu San, j&rsquo;ai tr\u00e8s vite compris qu&rsquo;il \u00e9tait, ni plus ni moins, Dieu le p\u00e8re pour les Panasonic Lumix.<\/p>\n<p>Pourquoi autant m&rsquo;attarder sur cette anecdote ? Parce qu&rsquo;elle est fondatrice dans la relation que j&rsquo;ai avec Panasonic. D&rsquo;abord, cette rencontre m&rsquo;a permis de r\u00e9aliser que <em>Les Num\u00e9riques<\/em>, c&rsquo;\u00e9tait pas de la blague et que nous \u00e9tions d\u00e9cortiqu\u00e9s \u00e0 la virgule pr\u00e8s jusqu&rsquo;\u00e0 l&rsquo;autre bout du monde. Ensuite parce que cette extr\u00eame r\u00e9activit\u00e9 du constructeur d&rsquo;Osaka \u00e9tait r\u00e9v\u00e9latrice de son approche strat\u00e9gique du march\u00e9 de la photographique : la critique n&rsquo;est jamais agr\u00e9able \u00e0 entendre mais il y a toujours quelque chose de bon \u00e0 en apprendre. Et c&rsquo;est justement cela qui m&rsquo;a plu chez Panasonic : en cinq ans, je n&rsquo;ai jamais h\u00e9sit\u00e9 \u00e0 leur taper dessus lorsque leurs produits le m\u00e9ritaient (et \u00e0 les f\u00e9liciter quand il le fallait) et, toujours, en face, j&rsquo;ai trouv\u00e9 des oreilles attentives pour r\u00e9colter mes suggestions. Et tous mes confr\u00e8res fran\u00e7ais vous le diront : il y a chez Panasonic une qualit\u00e9 d&rsquo;\u00e9coute rare, que les remarques viennent des journalistes, des photographes professionnels ou des clients \u00ab\u00a0lambda\u00a0\u00bb. Et \u00e7a, c&rsquo;est beau.<\/p>\n<p>Pour l&rsquo;\u00e9pilogue : depuis notre rencontre le 6 f\u00e9vrier 2013, je vois Uematsu San quasiment tous les deux mois. Toujours chez moi, jamais chez lui (le Japon, c&rsquo;est loin). C&rsquo;est le grand amour. Je pense que nous allons nous PACSer et nous acheter une cabane \u00e0 Ol\u00e9ron pour y \u00e9lever des hu\u00eetres et des ch\u00e8vres. Enfin, quand il aura fini par prendre sa retraite, parce qu&rsquo;en cinq ans, il nous a d\u00e9j\u00e0 pr\u00e9sent\u00e9 trois successeurs diff\u00e9rents qui, eux, ont tous disparu de la circulation. Bon, accessoirement, chez Panasonic, en cinq ans, ils ont compl\u00e8tement revu leur mani\u00e8re de concevoir et fabriquer des appareils photo, proposent de la 4K\/UHD \u00e0 tous les \u00e9tages, un autofocus qui d\u00e9pote, des \u00e9crans tactiles \u00e0 tours de bras et, accessoirement, ils ont sorti quelques trucs pas mal, genre les Lumix GX8, Lumix GX80, Lumix G7, Lumix G80, Lumix G9, Lumix GH4, Lumix GH5, Lumix GH5s&#8230; et c&rsquo;est pas fini ! Pour les ann\u00e9es \u00e0 venir, l&rsquo;accent sera mis sur l&rsquo;ergonomie et le plaisir d&rsquo;utilisation. Parce qu&rsquo;il faut bien reconna\u00eetre que s&rsquo;ils fonctionnent bien et sont propos\u00e9s \u00e0 des rapports qualit\u00e9\/prix canons, les Lumix, bah, ils ne font pas bander les esth\u00e8tes. Mais \u00e7a, c&rsquo;est une autre histoire.<\/p>\n<figure id=\"attachment_346\" aria-describedby=\"caption-attachment-346\" style=\"width: 1262px\" class=\"wp-caption aligncenter\"><img loading=\"lazy\" class=\"size-full wp-image-346\" src=\"http:\/\/mizuwari.fr\/wp-content\/uploads\/2018\/01\/Plouf_le_Lumix.jpg\" alt=\"Plous le Lumix !\" width=\"1262\" height=\"841\" srcset=\"https:\/\/mizuwari.fr\/wp-content\/uploads\/2018\/01\/Plouf_le_Lumix.jpg 1262w, https:\/\/mizuwari.fr\/wp-content\/uploads\/2018\/01\/Plouf_le_Lumix-300x200.jpg 300w, https:\/\/mizuwari.fr\/wp-content\/uploads\/2018\/01\/Plouf_le_Lumix-768x512.jpg 768w, https:\/\/mizuwari.fr\/wp-content\/uploads\/2018\/01\/Plouf_le_Lumix-1024x682.jpg 1024w, https:\/\/mizuwari.fr\/wp-content\/uploads\/2018\/01\/Plouf_le_Lumix-600x400.jpg 600w, https:\/\/mizuwari.fr\/wp-content\/uploads\/2018\/01\/Plouf_le_Lumix-820x546.jpg 820w, https:\/\/mizuwari.fr\/wp-content\/uploads\/2018\/01\/Plouf_le_Lumix-272x182.jpg 272w\" sizes=\"(max-width: 1262px) 100vw, 1262px\" \/><figcaption id=\"caption-attachment-346\" class=\"wp-caption-text\">En 5 ans, les constructeurs ont appris, \u00e0 la dure, que ce n&rsquo;\u00e9tait pas forc\u00e9ment une bonne id\u00e9e de se vanter devant moi que leurs bo\u00eetiers r\u00e9sistaient aux \u00e9claboussures. Parce que je suis b\u00eate, m\u00e9chant, et convaincu que rien ne vaut l&rsquo;exp\u00e9rimentation.<\/figcaption><\/figure>\n<p>&nbsp;<\/p>\n<h1><strong>TOP n\u00b02 :<\/strong><br \/>\nLes Sony Alpha 7, ou le 24 x 36 mm pour (presque) tout le monde<\/h1>\n<p>2013 pour la photographie aura vraiment \u00e9t\u00e9 une ann\u00e9e faste. D&rsquo;abord parce que je suis arriv\u00e9 chez <em>Les Num\u00e9riques<\/em> (enfin, \u00e7a, tout le monde s&rsquo;en fout) et surtout parce qu&rsquo;en octobre 2013, j&rsquo;ai eu 26 ans (l\u00e0 aussi, tout le monde s&rsquo;en fout), mais surtout Sony a annonc\u00e9 ses Alpha 7. Les \u00ab\u00a0premiers\u00a0\u00bb hybrides 24 x 36 mm \u2013 en excluant les Leica M9, ses d\u00e9clinaisons, ainsi que le M Typ 240 sorti en d\u00e9but d&rsquo;ann\u00e9e. Alors oui, il existait d\u00e9j\u00e0 des bo\u00eetiers 24 x 36 mm. Depuis longtemps Canon et Nikon en proposaient dans leurs reflex professionnels (EOS 5D, EOS 1D, EOS 6D c\u00f4t\u00e9 rouge, D700, D800, D3 chez les jaunes), suivi par Sony, lui-m\u00eame, d\u00e8s 2009, avec son <a href=\"https:\/\/www.focus-numerique.com\/reflex\/tests\/sony-alpha-900-7.html\">Alpha 900<\/a>. Et dire que les Pentaxistes ont attendu f\u00e9vrier 2016 pour le K-1&#8230;<\/p>\n<p>Chez Sony, il ne fallait pas \u00eatre devin pour pronostiquer l&rsquo;arriv\u00e9e de tels bo\u00eetiers. D\u00e8s septembre 2012, le constructeur avait pris tout le monde de court en casant un CMOS 24 x 36 mm dans le riquiqui (relativement) <a href=\"https:\/\/www.lesnumeriques.com\/appareil-photo-numerique\/sony-rx1-p14417\/sony-rx1-compact-24x36-mm-n26038.html\">compact expert RX1<\/a> (au demeurant bien trop riquiqui, ce qui n&rsquo;a toujours pas \u00e9t\u00e9 corrig\u00e9 \u00e0 ce jour). Exactement au m\u00eame moment (2012 ayant \u00e9t\u00e9 une ann\u00e9e de photokina), Sony pr\u00e9sentait la <a href=\"https:\/\/www.focus-numerique.com\/camescope\/tests\/sony-vg900-733.html\">VG900<\/a>. Une cam\u00e9ra vid\u00e9o, oui, mais une cam\u00e9ra \u00ab\u00a0grand public\u00a0\u00bb \u00e0 capteur 24 x 36 mm. Surtout, une cam\u00e9ra \u00e0 capteur 24 x 36 mm \u00e0 objectifs interchangeables utilisant la monture E. Monture E qui, jusqu&rsquo;\u00e0 pr\u00e9sent, ne se trouvait que sur les hybrides Sony \u00e0 capteurs APS-C. Hybrides qui, \u00e0 l&rsquo;\u00e9poque, s&rsquo;appelaient encore Nex. Bref, pas besoin d&rsquo;avoir un CAP Ing\u00e9nieur de forum pour s&rsquo;imaginer la R&amp;D de Sony s&rsquo;adonner aux joies de la transplantation d&rsquo;organe. Et paf ! \u00c7a a fait les Sony Alpha 7.<\/p>\n<p>La malice de Sony a \u00e9t\u00e9 de d\u00e9cliner le concept en trois saveurs. \u00ab\u00a0Nature\u00a0\u00bb, pour garder la main sur un tarif finalement assez raisonnable (de nos jours, l&rsquo;A7 premier du nom se trouve r\u00e9guli\u00e8rement en kit sous les 1000 \u20ac). \u00ab\u00a0R\u00a0\u00bb pour les amateurs de haute d\u00e9finition\/r\u00e9solution. \u00ab\u00a0S\u00a0\u00bb, arriv\u00e9 dans un deuxi\u00e8me temps, pour ceux qui voulaient voir comment \u00e7a se passe du c\u00f4t\u00e9 obscur. Un peu comme ce qu&rsquo;ont (presque) toujours fait Nikon et Canon avec leurs reflex les plus haut de gamme, finalement. Et \u00e7a a march\u00e9 ! Apr\u00e8s une g\u00e9n\u00e9ration Mark II qui a apport\u00e9 la stabilisation m\u00e9canique (moyennant une furieuse flamb\u00e9e des prix), les Sony Alpha 7 sont, aujourd&rsquo;hui, selon la communication officielle, en passe de devenir les APN 24 x 36 mm les plus vendus au monde ! Bon, ils trichent en plus puisqu&rsquo;ils agr\u00e8gent les ventes de 7, 7R et 7s (Mk I et Mk II), mais il y a de quoi faire trembler les Rouges et les Jaunes, qui n&rsquo;avaient franchement pas besoin de cela. Et histoire d&rsquo;enfoncer un peu plus le clou, les Alpha 9 et Alpha 7R III ont le toupet de venir corriger les plus gros d\u00e9fauts de leurs a\u00een\u00e9s. Tout fout le camp ma p&rsquo;tite dame. Y&rsquo;a plus de respect pour les a\u00een\u00e9s&#8230; et c&rsquo;est tant mieux !<\/p>\n<p>&nbsp;<\/p>\n<figure id=\"attachment_345\" aria-describedby=\"caption-attachment-345\" style=\"width: 900px\" class=\"wp-caption aligncenter\"><img loading=\"lazy\" class=\"size-full wp-image-345\" src=\"http:\/\/mizuwari.fr\/wp-content\/uploads\/2018\/01\/Illustration_random.jpg\" alt=\"Oh, des lentilles !\" width=\"900\" height=\"600\" srcset=\"https:\/\/mizuwari.fr\/wp-content\/uploads\/2018\/01\/Illustration_random.jpg 900w, https:\/\/mizuwari.fr\/wp-content\/uploads\/2018\/01\/Illustration_random-300x200.jpg 300w, https:\/\/mizuwari.fr\/wp-content\/uploads\/2018\/01\/Illustration_random-768x512.jpg 768w, https:\/\/mizuwari.fr\/wp-content\/uploads\/2018\/01\/Illustration_random-600x400.jpg 600w, https:\/\/mizuwari.fr\/wp-content\/uploads\/2018\/01\/Illustration_random-820x547.jpg 820w, https:\/\/mizuwari.fr\/wp-content\/uploads\/2018\/01\/Illustration_random-272x182.jpg 272w\" sizes=\"(max-width: 900px) 100vw, 900px\" \/><figcaption id=\"caption-attachment-345\" class=\"wp-caption-text\">Il me fallait une illustration random, alors voil\u00e0 une illustration random. Un bon point \u00e0 celle ou celui qui me dit exactement de quoi il s&rsquo;agit. La r\u00e9ponse \u00ab\u00a0des lentilles\u00a0\u00bb n&rsquo;est pas accept\u00e9e.<\/figcaption><\/figure>\n<h1><strong>TOP n\u00b03 :<\/strong><br \/>\nSigma, Tamron et Samyang, pour leurs contributions remarquables \u00e0 l&rsquo;optique<\/h1>\n<p>Il faut que je l&rsquo;avoue : j&rsquo;ai toujours \u00e9t\u00e9 un petit con d\u00e9lib\u00e9r\u00e9ment snob. D\u00e9j\u00e0, en \u00e9cole photo, j&rsquo;avais tendance \u00e0 prendre de haut mes petits camarades parce que j&rsquo;\u00e9tais le seul \u00e9quip\u00e9 en Leica. Je pr\u00e9cise : en 100 % Leica, bo\u00eetier et objectif. Ah la la, avec leurs 50 mm f\/1,8 Canon, leurs Nikkor 35 mm f\/1,8 G et leurs Pentax K10, ces braves petits ne savaient pas ce qu&rsquo;ils rataient. Et tant pis s&rsquo;il me fallait faire preuve d&rsquo;une mauvaise fois d\u00e9sarmante lorsque, lors des manifestations couvertes en compagnie de ces m\u00eames petits camarades, je tirais la langue avec ma mise au point manuelle et mon capteur qui rechignait \u00e0 monter au-del\u00e0 de 800 ISO. Alors, forc\u00e9ment, lorsque j&rsquo;ai quitt\u00e9 le BTS Photo pour aller travailler chez Leica, mon snobisme ne s&rsquo;est pas arrang\u00e9. Il ne se passait pas un jour sans que je r\u00e9p\u00e8te \u00e0 mes (futurs) clients que \u00ab\u00a0<em>les objectifs japonais, c&rsquo;est pas mal, mais \u00e7a manque de pr\u00e9cision, et quand c&rsquo;est pr\u00e9cis, \u00e7a n&rsquo;a pas d&rsquo;\u00e2me<\/em>\u00ab\u00a0&#8230;<\/p>\n<p>Et puis un jour j&rsquo;ai quitt\u00e9 Leica. Hasard du calendrier, c&rsquo;est dans les semaines qui ont suivi que Sigma a lanc\u00e9 son zoom (berk, un zoom !) 18-35 mm f\/1,8 Art pour reflex APS-C (berk, APS-C !). Berk, certes, mais faire un zoom grand angle \u00e0 ouverture constante est d\u00e9j\u00e0 en soit un exploit. Mieux : briser la sacro-sainte barri\u00e8re du f\/2,8 constant, qui plus est de 4\/3 de diaphragmes, c&rsquo;\u00e9tait couillu. D&rsquo;autant plus qu&rsquo;au-del\u00e0 de la pure performance technique, il a \u00e9t\u00e9 lanc\u00e9 (et est toujours propos\u00e9) \u00e0 un tarif tr\u00e8s raisonnable ! Depuis, ce 18-35 mm f\/1,8 Art est entr\u00e9 dans la l\u00e9gende et je ne crois pas prendre beaucoup de risques en pronostiquant qu&rsquo;il restera dans la grande histoire de l&rsquo;optique comme l&rsquo;un des objectifs les plus marquants de ce d\u00e9but du XXI<em>\u00e8me<\/em> si\u00e8cle.<\/p>\n<p>Ce zoom a donn\u00e9 le top d\u00e9part d&rsquo;une v\u00e9ritable r\u00e9volution non pas optique mais philosophique, que nous pourrions qualifier de revanche des seconds couteaux. Voire revanche des geeks, th\u00e8me \u00f4 combien \u00e0 la mode dans les s\u00e9ries et films am\u00e9ricains (et m\u00eame japonais). Pendant tr\u00e8s longtemps, en tous cas, jusqu&rsquo;\u00e0 mon \u00e9poque en \u00e9cole photo, on n&rsquo;achetait du Sigma ou du Tamron que par d\u00e9faut, lorsque l&rsquo;on \u00e9tait sans le sous, parce qu&rsquo;il fallait bien un objectif. Et m\u00eame avec un Sigma et un Tamron fort pratique et efficace sur le terrain, chacun aspirait \u00e0 un \u00ab\u00a0vrai\u00a0\u00bb objectif sign\u00e9 Canon ou Nikon. C&rsquo;\u00e9tait comme, disons, \u00eatre oblig\u00e9 d&rsquo;apprendre \u00e0 conduire sur la R21 familiale quand tous les petits copains venaient au lyc\u00e9e avec leur 205 GTI ou New Beetle re\u00e7ue en cadeau pour leurs 18 ans&#8230; Et les rares fois o\u00f9 je voyais des gens \u00eatre vraiment fiers de poss\u00e9der un Sigma ou un Tamron (ou Tokina, ou autre), c&rsquo;\u00e9tait parce qu&rsquo;il s&rsquo;agissait d&rsquo;un zoom ultra grand angle, d&rsquo;un t\u00e9l\u00e9objectif catadioptrique voire, \u00e0 l&rsquo;extr\u00eame oppos\u00e9, un fisheye. Bref, des trucs exotiques qui n&rsquo;avaient pas de concurrents chez Canon ou Nikon, bien trop s\u00e9rieux pour ces fantaisies.<\/p>\n<p>Mais un beau matin de printemps 2013, Sigma cr\u00e9a 18-35 mm f\/1,8 Art. Et la lumi\u00e8re f\u00fbt. Et le monde vit que cela \u00e9tait bon. Et dans son sillage, la r\u00e9volte du prol\u00e9tariat et son aspiration \u00e0 monter en gamme. Cela a \u00e9t\u00e9 fulgurant. En quelques ann\u00e9es, Sigma, Tamron et un peu plus tard Samyang se sont transform\u00e9s. Mutation totale. \u00c0 un point tel qu&rsquo;\u00e0 peine cinq ans plus tard le rapport de force s&rsquo;est presque invers\u00e9. D\u00e9sormais, la question n&rsquo;est plus de savoir si l&rsquo;on a l&rsquo;argent d&rsquo;acqu\u00e9rir un Sigma ou un Tamron : la r\u00e9ponse est forc\u00e9ment oui (enfin, fa\u00e7on de parler), puisqu&rsquo;ils demeurent moins chers que leurs \u00e9quivalents \u00ab\u00a0officiels\u00a0\u00bb. La question est plut\u00f4t : \u00ab\u00a0mais pourquoi payerais-je plus cher pour un Canikon qui, en plus, n&rsquo;est pas meilleur ?\u00a0\u00bb \u00c0 ce propos le plantage du dernier Nikon 24-70 mm f\/2,8 VR est symptomatique et presque un cas d&rsquo;\u00e9cole. Aujourd&rsquo;hui, Sigma et Tamron ont tant et si bien redor\u00e9 leur blason, \u00e0 la force de leurs formules optiques complexes, de la beaut\u00e9 de leur finition et l&rsquo;agressivit\u00e9 de leur tarification que leurs victimes ne sont plus leurs compatriotes mais carr\u00e9ment deux quasi-divinit\u00e9s de l&rsquo;optique : Zeiss et Leica. Et ce n&rsquo;est pas rien, c&rsquo;est un Leica\u00efste acharn\u00e9 qui vous le dit !<\/p>\n<p>Toutefois, les Allemands, enfin, surtout Leica conservent quelque chose que les Japonais n&rsquo;ont pas encore r\u00e9ussi \u00e0 toucher du doigt : leur suppl\u00e9ment d&rsquo;\u00e2me, qu&rsquo;aucune mire, aucun test \u00ab\u00a0scientifique\u00a0\u00bb ne saurait mettre en valeur. Malgr\u00e9 tout, les optiques du soleil levant, aussi parfaites soient-elles, manquent encore, et c&rsquo;est presque un comble compte-tenu de leur origine, de po\u00e9sie. Je dirais m\u00eame, de <em>wabi sabi<\/em> (\u00e0 ne pas confondre avec le wasabi). Mais \u00e0 ce petit jeu, c&rsquo;est un Cor\u00e9en qui est en train de tirer son \u00e9pingle du jeu : Samyang. Car si ses objectifs ne sont pas forc\u00e9ment les plus \u00ab\u00a0parfaits\u00a0\u00bb sur mire, ils peuvent se vanter d&rsquo;une qualit\u00e9 qui n&rsquo;a pas de prix : avoir une personnalit\u00e9, une signature propre. Chose amusante : c&rsquo;est justement vers ce suppl\u00e9ment d&rsquo;\u00e2me plut\u00f4t que vers les FTM de haute voltige que tendent aujourd&rsquo;hui les ing\u00e9nieurs opticiens de Nikon, Sony et Panasonic (donc de l&rsquo;\u00e9cole \u00ab\u00a0classique\u00a0\u00bb) avec lesquels j&rsquo;ai eu l&rsquo;occasion d&rsquo;\u00e9changer. Vivement les cinq prochaines ann\u00e9es ! En attendant, je d\u00e9cerne le prix Jean-Pierre Coffe du \u00ab\u00a0parce que \u00e7a ne doit pas co\u00fbter plus cher de bien photographier\u00a0\u00bb \u00e0 Sigma, Tamron et Samyang. Voil\u00e0.<\/p>\n<p>&nbsp;<\/p>\n<p>&nbsp;<\/p>\n<h1><strong>TOP n\u00b04 :<\/strong><br \/>\nFujifilm, parce que l&rsquo;exotisme c&rsquo;est bon (mangez-en)<\/h1>\n<p>Fujifilm. Je ne parle pas assez de Fujifilm. C&rsquo;est dommage, vraiment, parce que j&rsquo;ai beaucoup d&rsquo;admiration et d&rsquo;affection pour ce qu&rsquo;ils font. Ind\u00e9pendamment du fait qu&rsquo;ils ont pomp\u00e9 tout leur d\u00e9lire n\u00e9o-r\u00e9tro \u00e0 Leica, mais c&rsquo;est un autre d\u00e9bat. Et puis, d&rsquo;une part, \u00ab\u00a0l&rsquo;imitation est la plus sinc\u00e8re des flatteries\u00a0\u00bb, et d&rsquo;autre part Leica, c&rsquo;est comme Porsche : on s&rsquo;en fout que leurs produits ne soient pas les meilleurs tant qu&rsquo;ils sont utilis\u00e9s comme m\u00e8tre \u00e9talon.<\/p>\n<p>Bref. J&rsquo;aimerai beaucoup parler de Fujifilm, mais l\u00e0, sur Les Num\u00e9riques, leurs appareils n&rsquo;entrent dans aucune case d&rsquo;aucun guide d&rsquo;achat. \u00c0 moins d&rsquo;ouvrir une case sp\u00e9ciale que je pourrais baptiser \u00ab\u00a0<em>l&rsquo;appareil photo m\u00e9chamment cool qui n&rsquo;est pas le meilleur rapport qualit\u00e9\/prix, ni le plus rapide, ni le plus efficace en vid\u00e9o, ni le plus pragmatique, mais qui te fait un effet wahou de ouf malade quand tu l&rsquo;utilises et regardes les photos que \u00e7a sort parce que \u00e7a d\u00e9chire le slip de m\u00e9m\u00e9 que tu pousses dans les orties histoire d&rsquo;immortaliser \u00e7a en simulation film Provia voire Classic Chrome car t&rsquo;es un ouf guedin qui n&rsquo;a pas v\u00e9cu l&rsquo;\u00e9poque de la Kodachrome mais on t&rsquo;a dit que c&rsquo;\u00e9tait cool alors crois-nous sur parole<\/em>\u00a0\u00bb mais je pense que d&rsquo;un point de vue SEO, c&rsquo;est moyen. Le SEO, c&rsquo;est si peu po\u00e9tique. Or, les produits Fujifilm sont tellement po\u00e9tiques, \u00e0 la fois totalement rationnels et compl\u00e8tement barr\u00e9s. On sent que les ing\u00e9nieurs, dans leur jeunesse, ont pass\u00e9 trop de temps pr\u00e8s des cuves de produits chimiques. On sent l&rsquo;entreprise photographique qui a r\u00e9ussi sa reconversion de l&rsquo;argentique vers le num\u00e9rique ! D&rsquo;ailleurs, un jour, il faudra que je lise l&rsquo;exemplaire de \u00ab\u00a0<em><a href=\"http:\/\/www.innovationinpractice.com\/innovation_in_practice\/2015\/07\/innovating-out-of-crisis.html\">Innovating Out of Crisis, How Fujifilm Survived (and Thrived) As Its Core Business Was Vanishing<\/a>\u00a0\u00bb <\/em>(\u00e9crit par Shigetaka Komuri, le boss de Fujifilm) qui tra\u00eene dans mon couloir d&rsquo;entr\u00e9e (enfin, le bouquin, pas Komori San).<\/p>\n<p>Fujifilm, c&rsquo;est quand m\u00eame la seule \u00ab\u00a0grande marque\u00a0\u00bb (et par \u00ab\u00a0grande marque\u00a0\u00bb, j&rsquo;entends \u00ab\u00a0un des principaux constructeurs d&rsquo;appareils photo petit format\u00a0\u00bb) (et j&rsquo;expliquerai une autre fois ce qu&rsquo;est le petit format) qui a sorti un objectif de malade (le <a href=\"http:\/\/www.fujifilm.com\/products\/digital_cameras\/x\/fujinon_lens_xf56mmf12_r\/\">Fujinon XF 56 mm f\/1,2 R<\/a>, pour ne pas le nommer) pour en sortir une d\u00e9clinaison (le <a href=\"http:\/\/www.fujifilm.com\/products\/digital_cameras\/x\/fujinon_lens_xf56mmf12_r_apd\/\">Fujinon XF 56 mm f\/1,2 R APD<\/a>) qui a pour particularit\u00e9 de comporter un \u00e9l\u00e9ment suppl\u00e9mentaire dans sa formule optique \u2013 en fait, un filtre \u00ab\u00a0<em>apodization<\/em>\u00a0\u00bb (j&rsquo;offre une bo\u00eete de Chocapics au premier qui me sugg\u00e8re une traduction \u00e9l\u00e9gante) \u2013 dont le seul but est de d\u00e9grader volontairement la qualit\u00e9 optique. Dit autrement, ils ont d\u00e9velopp\u00e9 un objectif plus flou que l&rsquo;original, avec comme justification \u00ab\u00a0<strong>parce qu&rsquo;on trouvait que \u00e7a faisait joli !<\/strong>\u00a0\u00bb (L\u00e0, il faut s&rsquo;imaginer les ing\u00e9nieurs tous mignons tous pleins avec leurs grands yeux qui crient \u00ab\u00a0Kawaiiiiii !\u00a0\u00bb). Chapeau les artistes (et c&rsquo;est sinc\u00e8re). #YOLO #Balek #OKLM #ApodizationIsTheNewBlack<\/p>\n<p>Fujifilm, c&rsquo;est aussi, \u00e0 l&rsquo;\u00e9poque o\u00f9 tout le monde utilise des filtres de Bayer \u2013 \u00e0 part Sigma, mais j&rsquo;en reparlerai une prochaine fois \u2013, le seul qui s&rsquo;acharne \u00e0 utiliser un filtre sauce maison, baptis\u00e9 X-Trans. Parce que c&rsquo;est leur projeeeeeeeeet ! Et aussi parce que derri\u00e8re, il y a de v\u00e9ritables justifications techniques. Tr\u00e8s bien. Mais c&rsquo;est \u00e0 un point tel que, cinq ans plus tard, aucun des principaux logiciels de d\u00e9matri\u00e7age n&rsquo;est capable de pleinement exploiter cette matrice. Plus fort encore : <a href=\"https:\/\/www.lesnumeriques.com\/appareil-photo-numerique\/mises-a-jour-firmware-pour-fuji-x-t2-x-t20-x-pro2-x100f-n66221.html\">dans leurs derni\u00e8res mises \u00e0 jour firmware, les X-T2, X-T20, X-Pro2 et X100F gagnent le syst\u00e8me \u00ab\u00a0Fujifilm X RAW Studio\u00a0\u00bb<\/a>. Ce syst\u00e8me utilise le processeur interne des appareils photo pour effectuer le d\u00e9matri\u00e7age du X-Trans, suivant le pr\u00e9cepte selon lequel on n&rsquo;est jamais mieux servi que par soi-m\u00eame.<\/p>\n<p>Enfin, Fujifilm, ce sont des gens qui se sont un jour r\u00e9veill\u00e9 en r\u00e9alisant que l&rsquo;Instax, en fait, c&rsquo;\u00e9tait cool (ce qui ne les emp\u00eache pas de supprimer des r\u00e9f\u00e9rences argentiques \u00e0 tours de bras) et, le lendemain, se sont dit que l&rsquo;APS-C c&rsquo;\u00e9tait cool, mais un capteur plus grand, ce serait pas mal, et comme le 24 x 36 mm c&rsquo;est carr\u00e9ment mainstream, alors directement taper dans le moyen format. Parce que \u00ab\u00a0Yes, we can !\u00a0\u00bb (Un peu comme Pentax, mais je vous parlerai de Pentax un autre jour.) Non, vraiment : Fujifilm, une vraie bande de YOLO qui s&rsquo;ignore. Et c&rsquo;est cool.<\/p>\n<figure id=\"attachment_347\" aria-describedby=\"caption-attachment-347\" style=\"width: 900px\" class=\"wp-caption aligncenter\"><img loading=\"lazy\" class=\"size-full wp-image-347\" src=\"http:\/\/mizuwari.fr\/wp-content\/uploads\/2018\/01\/Premiere_photokina_2014.jpg\" alt=\"Premi\u00e8re photokina\" width=\"900\" height=\"600\" srcset=\"https:\/\/mizuwari.fr\/wp-content\/uploads\/2018\/01\/Premiere_photokina_2014.jpg 900w, https:\/\/mizuwari.fr\/wp-content\/uploads\/2018\/01\/Premiere_photokina_2014-300x200.jpg 300w, https:\/\/mizuwari.fr\/wp-content\/uploads\/2018\/01\/Premiere_photokina_2014-768x512.jpg 768w, https:\/\/mizuwari.fr\/wp-content\/uploads\/2018\/01\/Premiere_photokina_2014-600x400.jpg 600w, https:\/\/mizuwari.fr\/wp-content\/uploads\/2018\/01\/Premiere_photokina_2014-820x547.jpg 820w, https:\/\/mizuwari.fr\/wp-content\/uploads\/2018\/01\/Premiere_photokina_2014-272x182.jpg 272w\" sizes=\"(max-width: 900px) 100vw, 900px\" \/><figcaption id=\"caption-attachment-347\" class=\"wp-caption-text\">Je n&rsquo;ai rien trouv\u00e9 d&rsquo;int\u00e9ressant pour illustrer la fin de l&rsquo;article, alors je vous montre une photo de ma premi\u00e8re photokina, en 2014. C&rsquo;\u00e9tait intense, faut pas croire. D&rsquo;ailleurs pour l&rsquo;anecdote, mon tout premier article sur Les Num\u00e9riques, c&rsquo;\u00e9tait pour parler de l&rsquo;annonce du Fujifilm X100s. Voil\u00e0. Je sais, on s&rsquo;en fout. (Mais personne n&rsquo;a dit qu&rsquo;une l\u00e9gende devait \u00eatre int\u00e9ressante ni utile.)<\/figcaption><\/figure>\n<p>&nbsp;<\/p>\n<h1><strong>TOP n\u00b05 :<\/strong><br \/>\nLongue vie aux photophones !<\/h1>\n<p>Jusqu&rsquo;au bout, ces cinq ann\u00e9es auront eu raison de mes pr\u00e9jug\u00e9s photographiques. Merci, mille fois merci, \u00f4 dieu du hasard du calendrier si tu existes. Ou alors c&rsquo;est une histoire de synchronicit\u00e9, voire de noosph\u00e8re&#8230; Enfin, qu&rsquo;importe. Cela ne vous aura pas \u00e9chapp\u00e9 (enfin, peut-\u00eatre que si, puiqu&rsquo;il y a des probl\u00e8mes\u00a0 et des sujets de pr\u00e9occupation plus graves dans le monde), mais les smartphones se sont soudain d\u00e9cid\u00e9 \u00e0 vouloir \u00eatre bons en photographie. Comme toujours, le feu a pris avec Apple. Enfin, non pas avec Apple, mais parce qu&rsquo;Apple \u00e9tait l&rsquo;homme \u00e0 abattre.<\/p>\n<p>Avant 2013, les smartphones \u00e9taient d\u00e9j\u00e0 devenus les appareils photo les plus utilis\u00e9s, mais plut\u00f4t par commodit\u00e9 parce qu&rsquo;ils ont l&rsquo;avantage d&rsquo;\u00eatre toujours dans la poche, ou du moins pas loin. Et l\u00e0, paf, tout \u00e0 coup, en plus d&rsquo;\u00eatre pratiques, ils sont devenus bons. Il y a eu, certes, quelques pl\u00e2tres essuy\u00e9s, comme la tentaive de HTC de pousser ses capteurs \u00ab\u00a0super pixels\u00a0\u00bb, avec des photosites plus grands (ou comment faire passer des vessies pour des lanternes), ou, \u00e0 l&rsquo;inverse, Nokia et son Lumia 1020 \u00e0 40 Mpx (parce que pourquoi pas ?). Il y a aussi eu le Panasonic Lumix CM1, un peu trop en avance sur son temps avec son capteur Type 1&Prime; de 20 Mpx, avec l&#8217;embonpoint handicapant que cela entra\u00eenait. Mais petit \u00e0 petit, tout le monde s&rsquo;est mis \u00e0 niveau. \u00c0 tel point qu&rsquo;en 2018, la question n&rsquo;est plus de savoir si l&rsquo;on peut prendre telle ou telle photo avec son smartphone mais plut\u00f4t s&rsquo;il est bien n\u00e9cessaire de trimballer son APN d\u00e9di\u00e9 avec soi.<\/p>\n<p>Les photophones, malgr\u00e9 leur d\u00e9bauche technologie singeant le rendu des \u00ab\u00a0reflex\u00a0\u00bb (reflex, reflex, ils n&rsquo;ont que ce mot l\u00e0 \u00e0 la bouche les gens du marketing !), ne sont pas encore parfaits. Et ce n&rsquo;est pas grave car le plus important ici, ce sont les efforts d\u00e9ploy\u00e9s. Efforts payants puisqu&rsquo;ils progressent \u00e0 bonds de g\u00e9ants ! Surtout, des smartphones, je ch\u00e9ris le fort potentiel p\u00e9dagogique \u00e0 cause, justement, des contraintes que les ing\u00e9nieurs essayent de d\u00e9passer. Apr\u00e8s tout, leur focale fixe, leur grande ouverture, leur grande profondeur de champ et leurs relatives mauvaises performances au-del\u00e0 de 800 ISO ne sont pas sans me rappeler une \u00e9poque pas si loin o\u00f9 la photographie s&rsquo;apprenait \u00e0 la dure, avec des compacts argentiques \u00e9quip\u00e9s d&rsquo;une focale fixe inamovible et charg\u00e9s en Kodak Tri-X, pouss\u00e9e \u00e0 1600 ISO ou laiss\u00e9e en 400 ISO natifs.<\/p>\n<p>Loin de moi l&rsquo;id\u00e9e de convoquer l&rsquo;esprit des fondateurs de Magnum mais ne trouvez-vous pas qu&rsquo;il y a l\u00e0 un formidable vecteur d&rsquo;apprentissage sous-exploit\u00e9 ? C&rsquo;est toute une g\u00e9n\u00e9ration \u00e0 laquelle la photographie s&rsquo;ouvre, \u00e0 laquelle il faut r\u00e9apprendre les bases. C&rsquo;est toute une g\u00e9n\u00e9ration qui red\u00e9couvre les joies de l&rsquo;instantan\u00e9. Toutes cette jeunesse qu&rsquo;il faut prendre par la main et emmener en camp de r\u00e9\u00e9ducation, perso, \u00e7a m&rsquo;\u00e9moustille et me motive pour les ann\u00e9es \u00e0 venir. Car j&rsquo;ai beaucoup de choses \u00e0 partager et \u00e0 leur montrer dans mon grenier et dans ma cave et&#8230; bon, ok. \u00c7a part un peu trop loin. Mais les photophones sont l&rsquo;avenir de la photographie, alors autant faire avec et accompagner le mouvement autant que faire se peut, contre vents et marr\u00e9s, contre snaps et selfies.<\/p>\n<p>Tant de vieillesse dans un seul paragraphe, \u00e7a m&rsquo;a fatigu\u00e9. Du coup, en guise de conclusion et avant de vous demander ce que vous, vous avez retenu de ces cinq derni\u00e8res ann\u00e9es, et de partager votre propre top 5, un interlude musical s&rsquo;impose :<\/p>\n<p><iframe loading=\"lazy\" width=\"1160\" height=\"653\" src=\"https:\/\/www.youtube.com\/embed\/qyHmeySM14k?feature=oembed\" frameborder=\"0\" gesture=\"media\" allow=\"encrypted-media\" allowfullscreen><\/iframe><\/p>\n<p>Voil\u00e0. C&rsquo;est tout. Vous avez vraiment cru qu&rsquo;il y aurait une conclusion ? Certainement pas ! Car dans l&rsquo;\u00e9pisode suivant, je parlerai de mes flops pr\u00e9f\u00e9r\u00e9s. Enfin, fa\u00e7on de parler. Mais d&rsquo;ici l\u00e0, je peux vous toucher deux mots de ce que je sens comme les tops des cinq prochaines ann\u00e9es. \u00c7a va se passer du c\u00f4t\u00e9 de la Chine, et leur nom est Yi Technology, Yongnuo et DJI, dont je suis certain, pour ce dernier, qu&rsquo;il pr\u00e9sentera un mod\u00e8le d&rsquo;appareil photo \u00ab\u00a0<em>stand alone<\/em>\u00a0\u00bb lors de la prochaine photokina (ou celle d&rsquo;apr\u00e8s, au plus tard).<\/p>\n","protected":false},"excerpt":{"rendered":"<p>La semaine derni\u00e8re \u2013 le 3 janvier pr\u00e9cis\u00e9ment \u2013 j&rsquo;ai f\u00eat\u00e9 mes cinq ans chez Les Num\u00e9riques \u00e0 la rubrique photo. Un bon pr\u00e9texte pour partager mes 5 tops et 5 flops photo de cette demi-d\u00e9cennie. Aujourd&rsquo;hui, je commence avec les tops.<\/p>\n","protected":false},"author":1,"featured_media":343,"comment_status":"open","ping_status":"open","sticky":false,"template":"","format":"standard","meta":[],"categories":[17,13,6,7],"tags":[54,55,52,59,58,56,53,57],"yoast_head":"<!-- This site is optimized with the Yoast SEO plugin v16.1.1 - https:\/\/yoast.com\/wordpress\/plugins\/seo\/ -->\n<title>5 ans \u00e0 la photo chez Les Num\u00e9riques : 5 ans de tops... [Episode 1\/2] - Mizuwari<\/title>\n<link rel=\"canonical\" href=\"http:\/\/mizuwari.fr\/index.php\/2018\/01\/09\/5-ans-a-la-photo-chez-les-numeriques-5-ans-de-tops-episode-1-2\/\" \/>\n<meta property=\"og:locale\" content=\"fr_FR\" \/>\n<meta property=\"og:type\" content=\"article\" \/>\n<meta property=\"og:title\" content=\"5 ans \u00e0 la photo chez Les Num\u00e9riques : 5 ans de tops... [Episode 1\/2] - Mizuwari\" \/>\n<meta property=\"og:description\" content=\"La semaine derni\u00e8re \u2013 le 3 janvier pr\u00e9cis\u00e9ment \u2013 j&rsquo;ai f\u00eat\u00e9 mes cinq ans chez Les Num\u00e9riques \u00e0 la rubrique photo. Un bon pr\u00e9texte pour partager mes 5 tops et 5 flops photo de cette demi-d\u00e9cennie. Aujourd&rsquo;hui, je commence avec les tops.\" \/>\n<meta property=\"og:url\" content=\"http:\/\/mizuwari.fr\/index.php\/2018\/01\/09\/5-ans-a-la-photo-chez-les-numeriques-5-ans-de-tops-episode-1-2\/\" \/>\n<meta property=\"og:site_name\" content=\"Mizuwari\" \/>\n<meta property=\"article:publisher\" content=\"https:\/\/www.facebook.com\/MizuwariPhoto\/\" \/>\n<meta property=\"article:published_time\" content=\"2018-01-09T09:00:00+00:00\" \/>\n<meta property=\"article:modified_time\" content=\"2018-01-09T10:59:09+00:00\" \/>\n<meta property=\"og:image\" content=\"https:\/\/mizuwari.fr\/wp-content\/uploads\/2018\/01\/PremierePhoto_LesNumeriques.jpg\" \/>\n\t<meta property=\"og:image:width\" content=\"900\" \/>\n\t<meta property=\"og:image:height\" content=\"600\" \/>\n<meta name=\"twitter:card\" content=\"summary_large_image\" \/>\n<meta name=\"twitter:creator\" content=\"@Mizuwari_Photo\" \/>\n<meta name=\"twitter:site\" content=\"@Mizuwari_Photo\" \/>\n<meta name=\"twitter:label1\" content=\"Dur\u00e9e de lecture est.\">\n\t<meta name=\"twitter:data1\" content=\"21 minutes\">\n<script type=\"application\/ld+json\" class=\"yoast-schema-graph\">{\"@context\":\"https:\/\/schema.org\",\"@graph\":[{\"@type\":\"WebSite\",\"@id\":\"https:\/\/mizuwari.fr\/#website\",\"url\":\"https:\/\/mizuwari.fr\/\",\"name\":\"Mizuwari\",\"description\":\"La photo, c&#039;est bon. Mangez-en.\",\"potentialAction\":[{\"@type\":\"SearchAction\",\"target\":\"https:\/\/mizuwari.fr\/?s={search_term_string}\",\"query-input\":\"required name=search_term_string\"}],\"inLanguage\":\"fr-FR\"},{\"@type\":\"ImageObject\",\"@id\":\"http:\/\/mizuwari.fr\/index.php\/2018\/01\/09\/5-ans-a-la-photo-chez-les-numeriques-5-ans-de-tops-episode-1-2\/#primaryimage\",\"inLanguage\":\"fr-FR\",\"url\":\"https:\/\/mizuwari.fr\/wp-content\/uploads\/2018\/01\/PremierePhoto_LesNumeriques.jpg\",\"contentUrl\":\"https:\/\/mizuwari.fr\/wp-content\/uploads\/2018\/01\/PremierePhoto_LesNumeriques.jpg\",\"width\":900,\"height\":600,\"caption\":\"On s'en fout mais \\u00e7a, c'est une photo prise par Morgane lors de mon tout premier test pour Les Num\\u00e9riques. De m\\u00e9moire, le Nikon D3200. Trois \\u00e9toiles...\"},{\"@type\":\"WebPage\",\"@id\":\"http:\/\/mizuwari.fr\/index.php\/2018\/01\/09\/5-ans-a-la-photo-chez-les-numeriques-5-ans-de-tops-episode-1-2\/#webpage\",\"url\":\"http:\/\/mizuwari.fr\/index.php\/2018\/01\/09\/5-ans-a-la-photo-chez-les-numeriques-5-ans-de-tops-episode-1-2\/\",\"name\":\"5 ans \\u00e0 la photo chez Les Num\\u00e9riques : 5 ans de tops... [Episode 1\/2] - Mizuwari\",\"isPartOf\":{\"@id\":\"https:\/\/mizuwari.fr\/#website\"},\"primaryImageOfPage\":{\"@id\":\"http:\/\/mizuwari.fr\/index.php\/2018\/01\/09\/5-ans-a-la-photo-chez-les-numeriques-5-ans-de-tops-episode-1-2\/#primaryimage\"},\"datePublished\":\"2018-01-09T09:00:00+00:00\",\"dateModified\":\"2018-01-09T10:59:09+00:00\",\"author\":{\"@id\":\"https:\/\/mizuwari.fr\/#\/schema\/person\/16207f6a3302b6d22e68a99342580708\"},\"breadcrumb\":{\"@id\":\"http:\/\/mizuwari.fr\/index.php\/2018\/01\/09\/5-ans-a-la-photo-chez-les-numeriques-5-ans-de-tops-episode-1-2\/#breadcrumb\"},\"inLanguage\":\"fr-FR\",\"potentialAction\":[{\"@type\":\"ReadAction\",\"target\":[\"http:\/\/mizuwari.fr\/index.php\/2018\/01\/09\/5-ans-a-la-photo-chez-les-numeriques-5-ans-de-tops-episode-1-2\/\"]}]},{\"@type\":\"BreadcrumbList\",\"@id\":\"http:\/\/mizuwari.fr\/index.php\/2018\/01\/09\/5-ans-a-la-photo-chez-les-numeriques-5-ans-de-tops-episode-1-2\/#breadcrumb\",\"itemListElement\":[{\"@type\":\"ListItem\",\"position\":1,\"item\":{\"@type\":\"WebPage\",\"@id\":\"https:\/\/mizuwari.fr\/\",\"url\":\"https:\/\/mizuwari.fr\/\",\"name\":\"Accueil\"}},{\"@type\":\"ListItem\",\"position\":2,\"item\":{\"@type\":\"WebPage\",\"@id\":\"http:\/\/mizuwari.fr\/index.php\/2018\/01\/09\/5-ans-a-la-photo-chez-les-numeriques-5-ans-de-tops-episode-1-2\/\",\"url\":\"http:\/\/mizuwari.fr\/index.php\/2018\/01\/09\/5-ans-a-la-photo-chez-les-numeriques-5-ans-de-tops-episode-1-2\/\",\"name\":\"5 ans \\u00e0 la photo chez Les Num\\u00e9riques : 5 ans de tops&#8230; [Episode 1\/2]\"}}]},{\"@type\":\"Person\",\"@id\":\"https:\/\/mizuwari.fr\/#\/schema\/person\/16207f6a3302b6d22e68a99342580708\",\"name\":\"Bruno Labarb\\u00e8re\",\"image\":{\"@type\":\"ImageObject\",\"@id\":\"https:\/\/mizuwari.fr\/#personlogo\",\"inLanguage\":\"fr-FR\",\"url\":\"https:\/\/secure.gravatar.com\/avatar\/39017b21e4cf6c319d7cc30e7e8cc2bc?s=96&d=blank&r=g\",\"contentUrl\":\"https:\/\/secure.gravatar.com\/avatar\/39017b21e4cf6c319d7cc30e7e8cc2bc?s=96&d=blank&r=g\",\"caption\":\"Bruno Labarb\\u00e8re\"},\"sameAs\":[\"http:\/\/www.mizuwari.fr\"]}]}<\/script>\n<!-- \/ Yoast SEO plugin. -->","_links":{"self":[{"href":"https:\/\/mizuwari.fr\/index.php\/wp-json\/wp\/v2\/posts\/323"}],"collection":[{"href":"https:\/\/mizuwari.fr\/index.php\/wp-json\/wp\/v2\/posts"}],"about":[{"href":"https:\/\/mizuwari.fr\/index.php\/wp-json\/wp\/v2\/types\/post"}],"author":[{"embeddable":true,"href":"https:\/\/mizuwari.fr\/index.php\/wp-json\/wp\/v2\/users\/1"}],"replies":[{"embeddable":true,"href":"https:\/\/mizuwari.fr\/index.php\/wp-json\/wp\/v2\/comments?post=323"}],"version-history":[{"count":26,"href":"https:\/\/mizuwari.fr\/index.php\/wp-json\/wp\/v2\/posts\/323\/revisions"}],"predecessor-version":[{"id":353,"href":"https:\/\/mizuwari.fr\/index.php\/wp-json\/wp\/v2\/posts\/323\/revisions\/353"}],"wp:featuredmedia":[{"embeddable":true,"href":"https:\/\/mizuwari.fr\/index.php\/wp-json\/wp\/v2\/media\/343"}],"wp:attachment":[{"href":"https:\/\/mizuwari.fr\/index.php\/wp-json\/wp\/v2\/media?parent=323"}],"wp:term":[{"taxonomy":"category","embeddable":true,"href":"https:\/\/mizuwari.fr\/index.php\/wp-json\/wp\/v2\/categories?post=323"},{"taxonomy":"post_tag","embeddable":true,"href":"https:\/\/mizuwari.fr\/index.php\/wp-json\/wp\/v2\/tags?post=323"}],"curies":[{"name":"wp","href":"https:\/\/api.w.org\/{rel}","templated":true}]}}