{"id":128,"date":"2017-09-01T22:53:37","date_gmt":"2017-09-01T20:53:37","guid":{"rendered":"http:\/\/mizuwari.fr\/?p=128"},"modified":"2017-09-07T23:06:56","modified_gmt":"2017-09-07T21:06:56","slug":"canon-eos-m100-le-nouvel-alpha-5100","status":"publish","type":"post","link":"https:\/\/mizuwari.fr\/index.php\/2017\/09\/01\/canon-eos-m100-le-nouvel-alpha-5100\/","title":{"rendered":"Canon EOS M100 : le nouvel Alpha 5100 ?"},"content":{"rendered":"<p><strong>Cette semaine, Canon a pr\u00e9sent\u00e9 son EOS M100. Un petit hybride, tout petit, tout mignon, pour lequel le constructeur a pr\u00e9vu toute une panoplie d&rsquo;accessoires fashions qui, assur\u00e9ment, sauront trouver leur public. Surtout, j&rsquo;y vois un lointain h\u00e9ritier du Sony Alpha 5100.<\/strong><\/p>\n<p><!--more--><\/p>\n<h1>\u00ab\u00a0Putain 4 ans !\u00a0\u00bb<\/h1>\n<p>Cela n&rsquo;a l&rsquo;air de rien mais le constructeur rouge revient de loin, de tr\u00e8s loin m\u00eame. Il aura fallu attendre plus de quatre ans apr\u00e8s son premier hybride pour qu&rsquo;enfin Canon prenne le segment au s\u00e9rieux. Rappelez-vous, nous sommes alors en 2012 est l&rsquo;EOS M vient d&rsquo;\u00eatre annonc\u00e9. Avec le recul, difficile de dire si l&rsquo;absence de num\u00e9rotation r\u00e9sultait du peu d&rsquo;entrain des dirigeants de la firme \u00e0 entrer sur le march\u00e9 des hybrides ou si cela traduisait leur absence totale de d\u00e9velopper une gamme compl\u00e8te. Toujours est-il qu&rsquo;en son temps, et c&rsquo;est peu de le dire, l&rsquo;EOS M y est all\u00e9 \u00e0 reculons et les testeurs \u00e0 travers la plan\u00e8te n&rsquo;ont pas manqu\u00e9 d&rsquo;en rire. Pour les moins jeunes d&rsquo;entre nous \u2013 bon, d&rsquo;accord, c&rsquo;\u00e9tait il y a cinq ans seulement \u2013, l&rsquo;EOS M est surtout entr\u00e9 dans la l\u00e9gende des Internets gr\u00e2ce au sketch des canadiens de <a href=\"https:\/\/youtu.be\/LO7rxitFLZg\">The Camera Store TV<\/a>, r\u00e9sumant tr\u00e8s bien l&rsquo;\u00e9tat d&rsquo;esprit de la marque en ces termes :<\/p>\n<blockquote><p>We all know it&rsquo;s not a party until Canon shows up.<\/p><\/blockquote>\n<p><iframe loading=\"lazy\" width=\"1160\" height=\"653\" src=\"https:\/\/www.youtube.com\/embed\/LO7rxitFLZg?feature=oembed\" frameborder=\"0\" allowfullscreen><\/iframe><\/p>\n<p>Malgr\u00e9 une qualit\u00e9 d&rsquo;image tout \u00e0 fait honorable \u2013 apr\u00e8s tout l&rsquo;\u00e9lectronique \u00e9tait reprise du tr\u00e8s bon et populaire EOS 650D \u2013, un autofocus mou du genou et une gamme optique rachitique (qui produira pourtant le tr\u00e8s int\u00e9ressant <a href=\"https:\/\/www.canon.fr\/lenses\/ef-m-28mm-f-3-5-macro-is-stm-lens\/\">EF-M 28 mm f\/3,5 Macro IS STM<\/a> avec anneau de LED autour de la frontale) auront vite eu raison de cette premi\u00e8re tentative de p\u00e9n\u00e9trer le monde des hybrides. \u00ab\u00a0Salut, au revoir et merci d&rsquo;\u00eatre venu hein !\u00a0\u00bb<\/p>\n<p>Par la suite, Canon les successeurs successifs (oui, j&rsquo;ai le droit de le dire) se sont succ\u00e9d\u00e9s : \u00e0 l&rsquo;EOS M succ\u00e8dera l&rsquo;EOS M2 (2013) non officiellement distribu\u00e9 sous nos latitudes \u2013 sauf, semblerait-il, de mani\u00e8re tr\u00e8s br\u00e8ve \u00e0 la FNAC \u2013, suivi de l&rsquo;EOS M3 (f\u00e9vrier 2015), puis de l&rsquo;EOS M10 (octobre 2015) dont je n&rsquo;ai jamais bien compris qui rempla\u00e7ait qui ni comment ni \u00e0 quel niveau de gamme sauf qu&rsquo;aucun ne parvenait \u00e0 r\u00e9soudre le mal qui rongeait la gamme depuis les origines, son autofocus mou du genou. Pourtant, des progr\u00e8s, il y en a eu hein, ne nous y trompons pas, mais syst\u00e9matiquement les EOS M accusaient un retard d&rsquo;un an ou deux par rapport aux concurrents hybrides de m\u00eame g\u00e9n\u00e9ration, les Micro 4\/3 d&rsquo;Olympus et Panasonic caracolant syst\u00e9matiquement en t\u00eate. \u00c0 ce moment de l&rsquo;histoire, pour \u00eatre intellectuellement parfaitement honn\u00eate, je suis cens\u00e9 parler des Nikon 1, rapides comme l&rsquo;\u00e9clair, mais comme m\u00eame leur g\u00e9niteur semble avoir oubli\u00e9 leur existence&#8230;<\/p>\n<p>Bref, il faudra attendre la photokina 2016 et l&rsquo;EOS M5 pour d\u00e9couvrir le premier hybride Canon vraiment cr\u00e9dible. Non pas parce qu&rsquo;il dispose d&rsquo;un viseur de bonne facture, ou d&rsquo;un \u00e9cran tactile et orientable \u2013 technologies que Canon ma\u00eetrise fort bien au demeurant, il faut le souligner \u2013, ou d&rsquo;une interface graphique des plus plaisantes, non, rien de cela. Juste parce qu&rsquo;enfin il offrait ce qu&rsquo;aucun EOS M n&rsquo;avait propos\u00e9 jusqu&rsquo;\u00e0 pr\u00e9sent : un autofocus digne de ce nom. Comprendre par l\u00e0 rapide, pr\u00e9cis et fiable.<\/p>\n<h1>La magie du Dual Pixel AF<\/h1>\n<p>Je ne vais pas encore aborder l&rsquo;EOS M100, ne vous inqui\u00e9tez pas, je vais finir par y arriver, mais un petit crochet du c\u00f4t\u00e9 du Dual Pixel AF (DPAF pour les intimes) s&rsquo;impose. En r\u00e9sum\u00e9 : \u00e7a marche bien. \u00c7a marche m\u00eame tr\u00e8s, tr\u00e8s, tr\u00e8s bien. \u00c0 tel point qu&rsquo;un certain Samsung s&rsquo;en est honteusement inspir\u00e9 pour ses terminaux Galaxy S7 (puis S8). Et comme l&rsquo;imitation est la plus sinc\u00e8re des flatteries (surtout lorsque cela implique un Cor\u00e9en et un Japonais)&#8230;<\/p>\n<p>En moins bref, le DPAF est une architecture capteur particuli\u00e8re. Chaque photosite est divis\u00e9 en deux sous-photosites A et B, tous deux participant \u00e0 la captation de l&rsquo;image mais ceux du groupe B ont cela de particulier qu&rsquo;ils aident \u00e0 la mise au point par corr\u00e9lation de phase. Pour plus de pr\u00e9cisions, je l&rsquo;ai d\u00e9j\u00e0 explique dans mon test de l&rsquo;<a href=\"http:\/\/www.lesnumeriques.com\/appareil-photo-numerique\/canon-eos-70d-p16705\/test.html\">EOS 70D sur Les Num\u00e9riques<\/a>\u00a0et comme ce premier article est d\u00e9j\u00e0 long, pas la peine de l&rsquo;alourdir inutilement.<\/p>\n<p><iframe loading=\"lazy\" width=\"1160\" height=\"653\" src=\"https:\/\/www.youtube.com\/embed\/T3YfRqGZ6C4?feature=oembed\" frameborder=\"0\" allowfullscreen><\/iframe><\/p>\n<p>Cette technologie marche tant et si bien que, progressivement, Canon l&rsquo;a adopt\u00e9 et d\u00e9clin\u00e9 sur tous ses bo\u00eetiers : l&rsquo;EOS 80D, rempla\u00e7ant de l&rsquo;EOS 70D, l&rsquo;EOS-1DX II et l&rsquo;EOS 5D IV (double cons\u00e9cration en 24 x 36 mm), et plus r\u00e9cemment sur ses reflex entr\u00e9e et milieu de gamme que sont les EOS 800D, EOS 77D et EOS 200D. Surtout, et cela \u00e9tait pr\u00e9visible d\u00e8s la pr\u00e9sentation du Dual Pixel AF, il a enfin \u00e9t\u00e9 adopt\u00e9 dans un hybride lors de la photokina 2016, j&rsquo;ai nomm\u00e9 l&rsquo;EOS M5. Car c&rsquo;est la toute la force du Dual Pixel AF : compenser le retard g\u00e9n\u00e9tique des reflex d\u00e8s lors qu&rsquo;il s&rsquo;agit d&rsquo;effectuer la mise au point en LiveView ! Parce qu&rsquo;autant les reflex sont bons en vis\u00e9e reflex, autant cela devient catastrophique d\u00e8s lors que l&rsquo;on vise \u00e0 l&rsquo;\u00e9cran. Probl\u00e8me que n&rsquo;ont pas les hybrides, puisqu&rsquo;ils n&rsquo;ont d&rsquo;autre choix que de passer par l&rsquo;\u00e9cran (ou le viseur, qui n&rsquo;est rien d&rsquo;autre qu&rsquo;un petit \u00e9cran), moyennant quelques strat\u00e9gies techniques qui ne sont pas le sujet de cet article. Depuis l&rsquo;EOS M5, le DPAF a \u00e9t\u00e9 int\u00e9gr\u00e9 \u00e0 l&rsquo;EOS M6 \u2013 qui malgr\u00e9 son appellation appartient \u00e0 une gamme inf\u00e9rieure \u00e0 l&rsquo;EOS M5 et remplace l&rsquo;EOS M3 (il n&rsquo;y a pas d&rsquo;EOS M4 \u00e0 cause de la superstition autour du chiffre 4 au Japon) \u2013 puis, enfin, dans l&rsquo;EOS M100. Donc dans l&rsquo;hybride de Madame et Monsieur Tout-le-Monde, selon Canon. \u00c7a y est, j&rsquo;y viens !<\/p>\n<h1>L&rsquo;Alpha 5100 et l&rsquo;entr\u00e9e de gamme : le continent oubli\u00e9 par Sony<\/h1>\n<p>Les hybrides Sony cartonnent, le nier serait malhonn\u00eate et ce n&rsquo;est pas mon intention \u2013 surtout que j&rsquo;ai eu un \u00e9norme <em>crush<\/em> pour l&rsquo;Alpha 9, mais c&rsquo;est une autre histoire. Pourtant, Sony semble avoir oubli\u00e9 ses racines et ce qui a fait le succ\u00e8s de ses hybrides. Alors, non, si vous r\u00e9pondez \u00ab\u00a0Konica Minolta !\u00a0\u00bb, vous remontez un peu trop loin, mais si vous vous int\u00e9ressez aux hybrides depuis leurs d\u00e9buts (en 2009, quand m\u00eame, \u00e7a commence \u00e0 remonter), vous ne devez pas avoir oubli\u00e9 les Nex \u2013 puisque c&rsquo;\u00e9tait le petit nom des hybrides Sony avant que tout le monde s&rsquo;appelle Alpha \u2013 et tout particuli\u00e8rement les Nex-5, Nex-5R, Nex-5T auxquels succ\u00e8deront l&rsquo;\u00e9ph\u00e9m\u00e8re Alpha 5000 (qui remplacera simultan\u00e9ment le 5T et le 3N), ce qui m\u00e8nera en bout de course au toujours pas remplac\u00e9 Alpha 5100.<\/p>\n<p>Cette lign\u00e9e avait de nombreux arguments \u00e0 faire valoir : un \u00e9cran orientable, un capteur APS-C associ\u00e9 \u00e0 un processeur de qualit\u00e9 (l&rsquo;inverse est tout aussi vrai), une ergonomie simple (autant que Sony se peut) et, <em>last but not least<\/em>, une tarification les rendant accessibles au plus large nombre. C&rsquo;est ce dernier point que semble avoir oubli\u00e9 Sony puisqu&rsquo;aujourd&rsquo;hui, \u00e0 moins de 1000 \u20ac, vous ne trouverez pas grand chose au catalogue. Alors que, pendant tr\u00e8s longtemps, je n&rsquo;ai pas h\u00e9sit\u00e9 \u00e0 conseiller les Alpha 5000\/5100 aux n\u00e9ophytes puisqu&rsquo;il \u00e9tait possible de se procurer le kit pour moins de 350 \u20ac. Si si, il y a eu une \u00e9poque pas si lointaine o\u00f9 il \u00e9tait possible d&rsquo;acheter un hybride Sony \u2013 avec son objectif \u2013 pour moins de 400 \u20ac, et ce en dehors des p\u00e9riodes de soldes !<\/p>\n<h1>L&rsquo;EOS M100, star programm\u00e9e des hybrides \u00e0 moins de 400 \u20ac<\/h1>\n<p>&nbsp;<\/p>\n<p>&nbsp;<\/p>\n<p>J&rsquo;y viens enfin. Aujourd&rsquo;hui, personne n&rsquo;a vraiment remplac\u00e9 le Sony Alpha 5100. Il y a bien eu un temps les Samsung NX3000\/3100\/3300, mais le S\u00e9oul ayant d\u00e9finitivement liquid\u00e9 sa branche appareils photographiques (mais pas sa branche photo), ce serait hors de propos. Le Fujifilm X-A3 ? Oui, il coche toutes les cases, dont ceux du capteur APS-C et de l&rsquo;\u00e9cran orientable, mais sa distribution semble tellement confidentielle qu&rsquo;il peut difficilement pr\u00e9tendre au statut de rouleau compresseur de l&rsquo;entr\u00e9e de gamme. Ou alors il se vend tr\u00e8s bien et j&rsquo;ai tort, ce qui ne serait pas impossible tant j&rsquo;ai peu de visibilit\u00e9 sur ses scores, mais quand je vois \u00e0 quel point Fujifilm rechigne \u00e0 nous le pr\u00eater pour test&#8230; Enfin, c&rsquo;est une autre histoire. Toujours est-il que les Fujifilm ne sont pas des mauvais produits, bien au contraire, mais c&rsquo;est surtout sur les segments experts et professionnels que le savoir faire des verts s&rsquo;exprime le mieux.<\/p>\n<p>L&rsquo;EOS M100, donc, a tout pour r\u00e9ussir. Et cela ne commence pas par sa fiche technique, qui n&rsquo;a rien de follichone si ce n&rsquo;est, vous vous en doutez, son capteur APS-C Dual Pixel AF de 24,3 Mpx et son \u00e9cran orientable. Le Dual Pixel AF devrait lui assurer une r\u00e9activit\u00e9 de bon aloi quand l&rsquo;APS-C constitue malgr\u00e9 tout un bon argument de vente face aux alternatives Micro 4\/3 qui, si elles n&rsquo;ont techniquement rien \u00e0 se reprocher, souffrent toujours dans l&rsquo;esprit du grand public de cet a priori des \u00ab\u00a0petits capteurs\u00a0\u00bb. Ce qui ne manquera pas de faire se tordre de rire tous les vid\u00e9astes qui filment en Lumix GH4\/5 ou en Black Magic, mais l\u00e0 encore, c&rsquo;est une autre histoire. Enfin, et c&rsquo;est probablement l&rsquo;une des plus grandes force du Canon EOS M100 : c&rsquo;est un Canon ! Et en termes de notori\u00e9t\u00e9 spontan\u00e9, Panasonic a beau s&rsquo;\u00e9chiner \u00e0 mettre la vid\u00e9o 4K\/UHD et de la stabilisation 5 axes partout, Olympus a beau ne pas \u00eatre un jeunot , Sony a beau vendre des Playstation par conteneurs entiers, il n&rsquo;y a pas grand chose \u00e0 faire contre les auras toujours un peu magiques et mystiques associ\u00e9es aux noms de Canon et Nikon. Ah, je les vois d&rsquo;ici les Youtubeuses beaut\u00e9 et vlogueurs de tous poils avec qui son EOS M100 \u00e0 marini\u00e8re, qui celui bleu pastel&#8230;<\/p>\n<p>Bref. 1569 mots pour dire que si Canon la joue finalement, un boulevard s&rsquo;ouvre devant lui. (Elle ?) (Eux ?) Le lancement \u00e0 l&rsquo;aube de l&rsquo;IFA 2017, et donc de la rentr\u00e9e, est tr\u00e8s bien jou\u00e9, puisque l&rsquo;EOS M100 profite ainsi de la vague m\u00e9diatique actuelle entourant cette grande messe de la high-tech de retour de vacances. Surtout, cela le positionne id\u00e9alement pour figurer en bonne place pour les f\u00eates de fin d&rsquo;ann\u00e9e : Black Friday, Cyber Days, No\u00ebl, Soldes d&rsquo;hiver. Avec un tarif bien ajust\u00e9 et une communication intelligente, Canon peut rafler la mise, surtout si les tests confirment ses bonnes aptitudes en termes de qualit\u00e9 d&rsquo;image et de r\u00e9activit\u00e9. Un appareil simple, efficace, mignon et pas cher : que demande le peuple ? Ah, oui. Que son prix de lancement \u2013 489,99\u00a0\u20ac, nu, 609,99 \u20ac en kit avec le 15-45 mm, 839 \u20ac en double kit avec le 15-45\u00a0mm + 55-200\u00a0mm \u2013 passe sous la barre des 400 \u20ac. Mais \u00e7a, ce n&rsquo;est qu&rsquo;une variable d&rsquo;ajustement parmi d&rsquo;autres.<\/p>\n","protected":false},"excerpt":{"rendered":"<p>Cette semaine, Canon a pr\u00e9sent\u00e9 son EOS M100. Un petit hybride, tout petit, tout mignon, pour lequel le constructeur a pr\u00e9vu toute une panoplie d&rsquo;accessoires fashions qui, assur\u00e9ment, sauront trouver leur public. Surtout, j&rsquo;y vois un lointain h\u00e9ritier du Sony Alpha 5100.<\/p>\n","protected":false},"author":1,"featured_media":143,"comment_status":"open","ping_status":"open","sticky":false,"template":"","format":"standard","meta":[],"categories":[13],"tags":[10,12,11],"yoast_head":"<!-- This site is optimized with the Yoast SEO plugin v16.1.1 - https:\/\/yoast.com\/wordpress\/plugins\/seo\/ -->\n<title>Canon EOS M100 : le nouvel Alpha 5100 ? - Mizuwari<\/title>\n<link rel=\"canonical\" href=\"http:\/\/mizuwari.fr\/index.php\/2017\/09\/01\/canon-eos-m100-le-nouvel-alpha-5100\/\" \/>\n<meta property=\"og:locale\" content=\"fr_FR\" \/>\n<meta property=\"og:type\" content=\"article\" \/>\n<meta property=\"og:title\" content=\"Canon EOS M100 : le nouvel Alpha 5100 ? - Mizuwari\" \/>\n<meta property=\"og:description\" content=\"Cette semaine, Canon a pr\u00e9sent\u00e9 son EOS M100. Un petit hybride, tout petit, tout mignon, pour lequel le constructeur a pr\u00e9vu toute une panoplie d&rsquo;accessoires fashions qui, assur\u00e9ment, sauront trouver leur public. Surtout, j&rsquo;y vois un lointain h\u00e9ritier du Sony Alpha 5100.\" \/>\n<meta property=\"og:url\" content=\"http:\/\/mizuwari.fr\/index.php\/2017\/09\/01\/canon-eos-m100-le-nouvel-alpha-5100\/\" \/>\n<meta property=\"og:site_name\" content=\"Mizuwari\" \/>\n<meta property=\"article:publisher\" content=\"https:\/\/www.facebook.com\/MizuwariPhoto\/\" \/>\n<meta property=\"article:published_time\" content=\"2017-09-01T20:53:37+00:00\" \/>\n<meta property=\"article:modified_time\" content=\"2017-09-07T21:06:56+00:00\" \/>\n<meta property=\"og:image\" content=\"https:\/\/mizuwari.fr\/wp-content\/uploads\/2017\/09\/Canon_EOS_M100_Panoplie-1.jpg\" \/>\n\t<meta property=\"og:image:width\" content=\"900\" \/>\n\t<meta property=\"og:image:height\" content=\"600\" \/>\n<meta name=\"twitter:card\" content=\"summary_large_image\" \/>\n<meta name=\"twitter:creator\" content=\"@Mizuwari_Photo\" \/>\n<meta name=\"twitter:site\" content=\"@Mizuwari_Photo\" \/>\n<meta name=\"twitter:label1\" content=\"Dur\u00e9e de lecture est.\">\n\t<meta name=\"twitter:data1\" content=\"9 minutes\">\n<script type=\"application\/ld+json\" class=\"yoast-schema-graph\">{\"@context\":\"https:\/\/schema.org\",\"@graph\":[{\"@type\":\"WebSite\",\"@id\":\"https:\/\/mizuwari.fr\/#website\",\"url\":\"https:\/\/mizuwari.fr\/\",\"name\":\"Mizuwari\",\"description\":\"La photo, c&#039;est bon. Mangez-en.\",\"potentialAction\":[{\"@type\":\"SearchAction\",\"target\":\"https:\/\/mizuwari.fr\/?s={search_term_string}\",\"query-input\":\"required name=search_term_string\"}],\"inLanguage\":\"fr-FR\"},{\"@type\":\"ImageObject\",\"@id\":\"http:\/\/mizuwari.fr\/index.php\/2017\/09\/01\/canon-eos-m100-le-nouvel-alpha-5100\/#primaryimage\",\"inLanguage\":\"fr-FR\",\"url\":\"https:\/\/mizuwari.fr\/wp-content\/uploads\/2017\/09\/Canon_EOS_M100_Panoplie-1.jpg\",\"contentUrl\":\"https:\/\/mizuwari.fr\/wp-content\/uploads\/2017\/09\/Canon_EOS_M100_Panoplie-1.jpg\",\"width\":900,\"height\":600},{\"@type\":\"WebPage\",\"@id\":\"http:\/\/mizuwari.fr\/index.php\/2017\/09\/01\/canon-eos-m100-le-nouvel-alpha-5100\/#webpage\",\"url\":\"http:\/\/mizuwari.fr\/index.php\/2017\/09\/01\/canon-eos-m100-le-nouvel-alpha-5100\/\",\"name\":\"Canon EOS M100 : le nouvel Alpha 5100 ? - Mizuwari\",\"isPartOf\":{\"@id\":\"https:\/\/mizuwari.fr\/#website\"},\"primaryImageOfPage\":{\"@id\":\"http:\/\/mizuwari.fr\/index.php\/2017\/09\/01\/canon-eos-m100-le-nouvel-alpha-5100\/#primaryimage\"},\"datePublished\":\"2017-09-01T20:53:37+00:00\",\"dateModified\":\"2017-09-07T21:06:56+00:00\",\"author\":{\"@id\":\"https:\/\/mizuwari.fr\/#\/schema\/person\/16207f6a3302b6d22e68a99342580708\"},\"breadcrumb\":{\"@id\":\"http:\/\/mizuwari.fr\/index.php\/2017\/09\/01\/canon-eos-m100-le-nouvel-alpha-5100\/#breadcrumb\"},\"inLanguage\":\"fr-FR\",\"potentialAction\":[{\"@type\":\"ReadAction\",\"target\":[\"http:\/\/mizuwari.fr\/index.php\/2017\/09\/01\/canon-eos-m100-le-nouvel-alpha-5100\/\"]}]},{\"@type\":\"BreadcrumbList\",\"@id\":\"http:\/\/mizuwari.fr\/index.php\/2017\/09\/01\/canon-eos-m100-le-nouvel-alpha-5100\/#breadcrumb\",\"itemListElement\":[{\"@type\":\"ListItem\",\"position\":1,\"item\":{\"@type\":\"WebPage\",\"@id\":\"https:\/\/mizuwari.fr\/\",\"url\":\"https:\/\/mizuwari.fr\/\",\"name\":\"Accueil\"}},{\"@type\":\"ListItem\",\"position\":2,\"item\":{\"@type\":\"WebPage\",\"@id\":\"http:\/\/mizuwari.fr\/index.php\/2017\/09\/01\/canon-eos-m100-le-nouvel-alpha-5100\/\",\"url\":\"http:\/\/mizuwari.fr\/index.php\/2017\/09\/01\/canon-eos-m100-le-nouvel-alpha-5100\/\",\"name\":\"Canon EOS M100 : le nouvel Alpha 5100 ?\"}}]},{\"@type\":\"Person\",\"@id\":\"https:\/\/mizuwari.fr\/#\/schema\/person\/16207f6a3302b6d22e68a99342580708\",\"name\":\"Bruno Labarb\\u00e8re\",\"image\":{\"@type\":\"ImageObject\",\"@id\":\"https:\/\/mizuwari.fr\/#personlogo\",\"inLanguage\":\"fr-FR\",\"url\":\"https:\/\/secure.gravatar.com\/avatar\/39017b21e4cf6c319d7cc30e7e8cc2bc?s=96&d=blank&r=g\",\"contentUrl\":\"https:\/\/secure.gravatar.com\/avatar\/39017b21e4cf6c319d7cc30e7e8cc2bc?s=96&d=blank&r=g\",\"caption\":\"Bruno Labarb\\u00e8re\"},\"sameAs\":[\"http:\/\/www.mizuwari.fr\"]}]}<\/script>\n<!-- \/ Yoast SEO plugin. -->","_links":{"self":[{"href":"https:\/\/mizuwari.fr\/index.php\/wp-json\/wp\/v2\/posts\/128"}],"collection":[{"href":"https:\/\/mizuwari.fr\/index.php\/wp-json\/wp\/v2\/posts"}],"about":[{"href":"https:\/\/mizuwari.fr\/index.php\/wp-json\/wp\/v2\/types\/post"}],"author":[{"embeddable":true,"href":"https:\/\/mizuwari.fr\/index.php\/wp-json\/wp\/v2\/users\/1"}],"replies":[{"embeddable":true,"href":"https:\/\/mizuwari.fr\/index.php\/wp-json\/wp\/v2\/comments?post=128"}],"version-history":[{"count":14,"href":"https:\/\/mizuwari.fr\/index.php\/wp-json\/wp\/v2\/posts\/128\/revisions"}],"predecessor-version":[{"id":178,"href":"https:\/\/mizuwari.fr\/index.php\/wp-json\/wp\/v2\/posts\/128\/revisions\/178"}],"wp:featuredmedia":[{"embeddable":true,"href":"https:\/\/mizuwari.fr\/index.php\/wp-json\/wp\/v2\/media\/143"}],"wp:attachment":[{"href":"https:\/\/mizuwari.fr\/index.php\/wp-json\/wp\/v2\/media?parent=128"}],"wp:term":[{"taxonomy":"category","embeddable":true,"href":"https:\/\/mizuwari.fr\/index.php\/wp-json\/wp\/v2\/categories?post=128"},{"taxonomy":"post_tag","embeddable":true,"href":"https:\/\/mizuwari.fr\/index.php\/wp-json\/wp\/v2\/tags?post=128"}],"curies":[{"name":"wp","href":"https:\/\/api.w.org\/{rel}","templated":true}]}}